{"id":1189,"date":"2022-06-13T19:00:26","date_gmt":"2022-06-14T00:00:26","guid":{"rendered":"https:\/\/noticiassinlimites.com\/?p=1189"},"modified":"2022-06-13T19:00:26","modified_gmt":"2022-06-14T00:00:26","slug":"slp-tendra-un-nuevo-centro-de-atencion-a-la-ninez-migrante-rgc","status":"publish","type":"post","link":"https:\/\/noticias-sinlimites.com\/?p=1189","title":{"rendered":"SLP tendr\u00e1 un nuevo centro de atenci\u00f3n a la ni\u00f1ez migrante: RGC"},"content":{"rendered":"<p>&nbsp;<\/p>\n<ul>\n<li><strong>Ricardo Gallardo dio el arranque a los trabajos de construcci\u00f3n con 100 millones de pesos, derivado de la gesti\u00f3n con la Federaci\u00f3n, mismo que contar\u00e1 con equipo y personal para atender a 100 menores de edad.<\/strong><\/li>\n<\/ul>\n<p>&nbsp;<\/p>\n<p>Con una inversi\u00f3n de 100 millones de pesos, el Gobernador del Estado de San Luis Potos\u00ed, Ricardo Gallardo Cardona arranc\u00f3 este lunes la construcci\u00f3n del Centro de Asistencia Social (CAS) para la atenci\u00f3n multidisciplinaria de ni\u00f1as, ni\u00f1os y adolescentes no acompa\u00f1ados en contexto de migraci\u00f3n en la Entidad, basado en la protecci\u00f3n a los derechos humanos, la no discriminaci\u00f3n y reunificaci\u00f3n familiar.<\/p>\n<p>El Mandatario Estatal agradeci\u00f3 al subsecretario de Derechos Humanos, Migraci\u00f3n y Poblaci\u00f3n de M\u00e9xico Alejandro Encinas Rodr\u00edguez, por el apoyo en la gesti\u00f3n de estos recursos de car\u00e1cter federal, para consolidar este espacio que atender\u00e1 las medidas de protecci\u00f3n de los derechos humanos de la ni\u00f1ez y adolescentes migrantes que se encuentren en territorio potosino.<\/p>\n<p>Dijo que luego del abandono y el desinter\u00e9s de los pasados gobiernos, hoy la transformaci\u00f3n est\u00e1 logr\u00e1ndose con acciones contundentes: \u201cno exist\u00eda ning\u00fan espacio para salvaguardar la integridad f\u00edsica y emocional de las ni\u00f1as, ni\u00f1os y adolescentes en contexto de migraci\u00f3n sin compa\u00f1\u00eda de un tutor, por lo que el nuevo Gobierno cumple un compromiso m\u00e1s a favor de los sectores m\u00e1s vulnerables\u201d.<\/p>\n<p>Por su parte, la presidenta del Sistema Estatal para el Desarrollo Integral de la Familia (DIF), Ruth Gonz\u00e1lez Silva coment\u00f3 que es de primordial inter\u00e9s trabajar para generar espacios seguros de acogimiento y que este sector reciba la atenci\u00f3n necesaria, con lo que se avanza para tener una sociedad m\u00e1s justa, m\u00e1s ordenada y donde prospere el bien com\u00fan y la justicia con este nuevo espacio de atenci\u00f3n.<\/p>\n<p>&nbsp;<\/p>\n<p>El nuevo CAS para la atenci\u00f3n multidisciplinaria de ni\u00f1as, ni\u00f1os y adolescentes no acompa\u00f1ados en contexto de migraci\u00f3n, se ubicar\u00e1 junto a la Procuradur\u00eda de Protecci\u00f3n de Ni\u00f1as, Ni\u00f1os y Adolescentes (PPNNA), al sur de la capital, y tendr\u00e1 equipo y personal suficiente para atender hasta a 100 infantes; contar\u00e1 con cuatro \u00e1reas de alojamiento para grupos de edad espec\u00edficos, adem\u00e1s de unidad m\u00e9dica de primer nivel de atenci\u00f3n, \u00e1rea de cocina y comedor; lavander\u00eda, oficinas administrativas y \u00e1reas de descanso.<\/p>\n","protected":false},"excerpt":{"rendered":"<p>&nbsp; Ricardo Gallardo dio el arranque a los trabajos de construcci\u00f3n con 100 millones de&#8230;<\/p>\n","protected":false},"author":2,"featured_media":1186,"comment_status":"open","ping_status":"open","sticky":false,"template":"","format":"standard","meta":{"footnotes":""},"categories":[10,21],"tags":[],"class_list":["post-1189","post","type-post","status-publish","format-standard","has-post-thumbnail","hentry","category-estado","category-principal"],"featured_image_urls":{"full":["https:\/\/noticias-sinlimites.com\/wp-content\/uploads\/2022\/06\/130622-2319-GOBERNADOR-SLP-TENDRA-UN-CENTRO-DE-ATENCION-A-LA-NINEZ-MIGRANTE-GOBERNADOR-5.jpeg",1280,853,false],"thumbnail":["https:\/\/noticias-sinlimites.com\/wp-content\/uploads\/2022\/06\/130622-2319-GOBERNADOR-SLP-TENDRA-UN-CENTRO-DE-ATENCION-A-LA-NINEZ-MIGRANTE-GOBERNADOR-5-150x150.jpeg",150,150,true],"medium":["https:\/\/noticias-sinlimites.com\/wp-content\/uploads\/2022\/06\/130622-2319-GOBERNADOR-SLP-TENDRA-UN-CENTRO-DE-ATENCION-A-LA-NINEZ-MIGRANTE-GOBERNADOR-5-300x200.jpeg",300,200,true],"medium_large":["https:\/\/noticias-sinlimites.com\/wp-content\/uploads\/2022\/06\/130622-2319-GOBERNADOR-SLP-TENDRA-UN-CENTRO-DE-ATENCION-A-LA-NINEZ-MIGRANTE-GOBERNADOR-5-768x512.jpeg",640,427,true],"large":["https:\/\/noticias-sinlimites.com\/wp-content\/uploads\/2022\/06\/130622-2319-GOBERNADOR-SLP-TENDRA-UN-CENTRO-DE-ATENCION-A-LA-NINEZ-MIGRANTE-GOBERNADOR-5-1024x682.jpeg",640,426,true],"1536x1536":["https:\/\/noticias-sinlimites.com\/wp-content\/uploads\/2022\/06\/130622-2319-GOBERNADOR-SLP-TENDRA-UN-CENTRO-DE-ATENCION-A-LA-NINEZ-MIGRANTE-GOBERNADOR-5.jpeg",1280,853,false],"2048x2048":["https:\/\/noticias-sinlimites.com\/wp-content\/uploads\/2022\/06\/130622-2319-GOBERNADOR-SLP-TENDRA-UN-CENTRO-DE-ATENCION-A-LA-NINEZ-MIGRANTE-GOBERNADOR-5.jpeg",1280,853,false],"covernews-slider-full":["https:\/\/noticias-sinlimites.com\/wp-content\/uploads\/2022\/06\/130622-2319-GOBERNADOR-SLP-TENDRA-UN-CENTRO-DE-ATENCION-A-LA-NINEZ-MIGRANTE-GOBERNADOR-5.jpeg",1073,715,false],"covernews-slider-center":["https:\/\/noticias-sinlimites.com\/wp-content\/uploads\/2022\/06\/130622-2319-GOBERNADOR-SLP-TENDRA-UN-CENTRO-DE-ATENCION-A-LA-NINEZ-MIGRANTE-GOBERNADOR-5.jpeg",750,500,false],"covernews-featured":["https:\/\/noticias-sinlimites.com\/wp-content\/uploads\/2022\/06\/130622-2319-GOBERNADOR-SLP-TENDRA-UN-CENTRO-DE-ATENCION-A-LA-NINEZ-MIGRANTE-GOBERNADOR-5.jpeg",1024,682,false],"covernews-medium":["https:\/\/noticias-sinlimites.com\/wp-content\/uploads\/2022\/06\/130622-2319-GOBERNADOR-SLP-TENDRA-UN-CENTRO-DE-ATENCION-A-LA-NINEZ-MIGRANTE-GOBERNADOR-5.jpeg",510,340,false],"covernews-medium-square":["https:\/\/noticias-sinlimites.com\/wp-content\/uploads\/2022\/06\/130622-2319-GOBERNADOR-SLP-TENDRA-UN-CENTRO-DE-ATENCION-A-LA-NINEZ-MIGRANTE-GOBERNADOR-5.jpeg",375,250,false]},"author_info":{"display_name":"Redacci\u00f3n","author_link":"https:\/\/noticias-sinlimites.com\/?author=2"},"category_info":"<a href=\"https:\/\/noticias-sinlimites.com\/?cat=10\" rel=\"category\">Estado<\/a> <a href=\"https:\/\/noticias-sinlimites.com\/?cat=21\" rel=\"category\">Principal<\/a>","tag_info":"Principal","comment_count":"0","_links":{"self":[{"href":"https:\/\/noticias-sinlimites.com\/index.php?rest_route=\/wp\/v2\/posts\/1189","targetHints":{"allow":["GET"]}}],"collection":[{"href":"https:\/\/noticias-sinlimites.com\/index.php?rest_route=\/wp\/v2\/posts"}],"about":[{"href":"https:\/\/noticias-sinlimites.com\/index.php?rest_route=\/wp\/v2\/types\/post"}],"author":[{"embeddable":true,"href":"https:\/\/noticias-sinlimites.com\/index.php?rest_route=\/wp\/v2\/users\/2"}],"replies":[{"embeddable":true,"href":"https:\/\/noticias-sinlimites.com\/index.php?rest_route=%2Fwp%2Fv2%2Fcomments&post=1189"}],"version-history":[{"count":1,"href":"https:\/\/noticias-sinlimites.com\/index.php?rest_route=\/wp\/v2\/posts\/1189\/revisions"}],"predecessor-version":[{"id":1190,"href":"https:\/\/noticias-sinlimites.com\/index.php?rest_route=\/wp\/v2\/posts\/1189\/revisions\/1190"}],"wp:featuredmedia":[{"embeddable":true,"href":"https:\/\/noticias-sinlimites.com\/index.php?rest_route=\/wp\/v2\/media\/1186"}],"wp:attachment":[{"href":"https:\/\/noticias-sinlimites.com\/index.php?rest_route=%2Fwp%2Fv2%2Fmedia&parent=1189"}],"wp:term":[{"taxonomy":"category","embeddable":true,"href":"https:\/\/noticias-sinlimites.com\/index.php?rest_route=%2Fwp%2Fv2%2Fcategories&post=1189"},{"taxonomy":"post_tag","embeddable":true,"href":"https:\/\/noticias-sinlimites.com\/index.php?rest_route=%2Fwp%2Fv2%2Ftags&post=1189"}],"curies":[{"name":"wp","href":"https:\/\/api.w.org\/{rel}","templated":true}]}}