{"id":1247,"date":"2022-06-23T21:33:29","date_gmt":"2022-06-24T02:33:29","guid":{"rendered":"https:\/\/noticias-sinlimites.com\/?p=1247"},"modified":"2022-06-27T12:08:51","modified_gmt":"2022-06-27T17:08:51","slug":"ya-se-nota-que-en-san-luis-las-cosas-se-hacen-bien-adan-augusto","status":"publish","type":"post","link":"https:\/\/noticias-sinlimites.com\/?p=1247","title":{"rendered":"Ya se nota que en San Luis las cosas se hacen bien: Ad\u00e1n Augusto"},"content":{"rendered":"<p class=\"western\" lang=\"es-ES\" align=\"justify\"><span class=\"ms-rteFontSize-3 ms-rteFontFace-32\">En San Luis Potos\u00ed \u201cya se nota que las cosas tienen otro rumbo, que las y los potosinos tienen un Gobierno ocupado y preocupado por el desarrollo e integraci\u00f3n de San Luis\u201d, afirm\u00f3 Ad\u00e1n Augusto L\u00f3pez Hern\u00e1ndez, secretario de Gobernaci\u00f3n en el Gobierno de M\u00e9xico, quien llam\u00f3 a la poblaci\u00f3n potosina a hacer un frente de respaldo ciudadano con el Gobernador Ricardo Gallardo Cardona para avanzar en la construcci\u00f3n de un Estado de grandes oportunidades. <\/span><\/p>\n<p class=\"western\" lang=\"es-ES\" align=\"justify\"><span class=\"ms-rteFontSize-3 ms-rteFontFace-32\">El funcionario federal visit\u00f3 la capital potosina para participar junto al Mandatario Estatal en la reuni\u00f3n de coordinaci\u00f3n en materia de infraestructura, desarrollo y seguridad p\u00fablica. Ah\u00ed, le transmiti\u00f3 el mensaje de apoyo por parte del Presidente de la Rep\u00fablica Andr\u00e9s Manuel L\u00f3pez Obrador, para apoyar a la Entidad y sus cuatro regiones en lo que sea necesario; tambi\u00e9n enalteci\u00f3 el esfuerzo de las y los legisladores, las y los empresarios, las y los alcaldes y del nuevo Gobierno estatal al impulsar pol\u00edticas inclusivas y de justicia social a la par del Gobierno Federal. <\/span><\/p>\n<p class=\"western\" lang=\"es-ES\" align=\"justify\"><span class=\"ms-rteFontSize-3 ms-rteFontFace-32\">Reconoci\u00f3 el trabajo y dedicaci\u00f3n de las y los elementos de la Guardia Civil Estatal para restituir la paz social en esta Entidad, reiterando el apoyo federal para fortalecer la estrategia de seguridad p\u00fablica con m\u00e1s elementos de la Guardia Nacional. \u201cTodos tenemos que ir juntos, con todos y entre todos, San Luis Potos\u00ed va a salir adelante y no le va a faltar nada\u201d, manifest\u00f3. <\/span><\/p>\n<p class=\"western\" lang=\"es-ES\" align=\"justify\"><span class=\"ms-rteFontSize-3 ms-rteFontFace-32\">Asimismo, L\u00f3pez Hern\u00e1ndez hizo importantes anuncios para el restablecimiento del bienestar social de las familias potosinas: nombrar en menos de 15 d\u00edas al delegado de la Secretar\u00eda de Comunicaciones y Transportes, para que inicie inmediatamente la modernizaci\u00f3n del Aeropuerto del municipio de Tamu\u00edn; tambi\u00e9n, que en menos de 60 d\u00edas comience la rehabilitaci\u00f3n del acueducto de la presa El Realito; igualmente, apoyar la reconversi\u00f3n de la anterior Casa de Gobierno a un albergue para ni\u00f1as, ni\u00f1os y adultos mayores. <\/span><\/p>\n<p class=\"western\" lang=\"es-ES\" align=\"justify\"><span class=\"ms-rteFontSize-3 ms-rteFontFace-32\">Asever\u00f3 que los compromisos del jefe del Ejecutivo Federal con San Luis Potos\u00ed se cumplir\u00e1n, como la inversi\u00f3n para la modernizaci\u00f3n de la carretera 57, con m\u00e1s de cinco mil 200 millones de pesos: 900 millones a ejercer en este a\u00f1o, as\u00ed como otros cuatro espacios carreteros federales.<\/span><\/p>\n<p class=\"western\" lang=\"es-ES\" align=\"justify\"><span class=\"ms-rteFontSize-3 ms-rteFontFace-32\">El mensajero del Presidente de M\u00e9xico, resalt\u00f3 que gracias a la uni\u00f3n del sector productivo y su Gobierno, la Entidad potosina fue la primera en recuperar su actividad econ\u00f3mica tras los efectos de la pandemia por Covid-19, \u201cfue su actitud, porque se ocuparon para que el aparato productivo no se detuviera, sacrificaron parte de su patrimonio para que no hubiera p\u00e9rdida de empleos\u201d, y afirm\u00f3 que son sus habitantes los que hacen imponente la cultura, desarrollo, tradiciones e historia de San Luis Potos\u00ed.\u200b<\/span><\/p>\n","protected":false},"excerpt":{"rendered":"<p>En San Luis Potos\u00ed \u201cya se nota que las cosas tienen otro rumbo, que las&#8230;<\/p>\n","protected":false},"author":2,"featured_media":1243,"comment_status":"open","ping_status":"open","sticky":false,"template":"","format":"standard","meta":{"footnotes":""},"categories":[21],"tags":[],"class_list":["post-1247","post","type-post","status-publish","format-standard","has-post-thumbnail","hentry","category-principal"],"featured_image_urls":{"full":["https:\/\/noticias-sinlimites.com\/wp-content\/uploads\/2022\/06\/230622-2411-GOBERNADOR-RICARDO-GALLARDO-RECIBE-RESPALDO-POLITICO-DEL-GOBIERNO-FEDERAL-9.jpeg",809,779,false],"thumbnail":["https:\/\/noticias-sinlimites.com\/wp-content\/uploads\/2022\/06\/230622-2411-GOBERNADOR-RICARDO-GALLARDO-RECIBE-RESPALDO-POLITICO-DEL-GOBIERNO-FEDERAL-9-150x150.jpeg",150,150,true],"medium":["https:\/\/noticias-sinlimites.com\/wp-content\/uploads\/2022\/06\/230622-2411-GOBERNADOR-RICARDO-GALLARDO-RECIBE-RESPALDO-POLITICO-DEL-GOBIERNO-FEDERAL-9-300x289.jpeg",300,289,true],"medium_large":["https:\/\/noticias-sinlimites.com\/wp-content\/uploads\/2022\/06\/230622-2411-GOBERNADOR-RICARDO-GALLARDO-RECIBE-RESPALDO-POLITICO-DEL-GOBIERNO-FEDERAL-9-768x740.jpeg",640,617,true],"large":["https:\/\/noticias-sinlimites.com\/wp-content\/uploads\/2022\/06\/230622-2411-GOBERNADOR-RICARDO-GALLARDO-RECIBE-RESPALDO-POLITICO-DEL-GOBIERNO-FEDERAL-9.jpeg",640,616,false],"1536x1536":["https:\/\/noticias-sinlimites.com\/wp-content\/uploads\/2022\/06\/230622-2411-GOBERNADOR-RICARDO-GALLARDO-RECIBE-RESPALDO-POLITICO-DEL-GOBIERNO-FEDERAL-9.jpeg",809,779,false],"2048x2048":["https:\/\/noticias-sinlimites.com\/wp-content\/uploads\/2022\/06\/230622-2411-GOBERNADOR-RICARDO-GALLARDO-RECIBE-RESPALDO-POLITICO-DEL-GOBIERNO-FEDERAL-9.jpeg",809,779,false],"covernews-slider-full":["https:\/\/noticias-sinlimites.com\/wp-content\/uploads\/2022\/06\/230622-2411-GOBERNADOR-RICARDO-GALLARDO-RECIBE-RESPALDO-POLITICO-DEL-GOBIERNO-FEDERAL-9-809x715.jpeg",809,715,true],"covernews-slider-center":["https:\/\/noticias-sinlimites.com\/wp-content\/uploads\/2022\/06\/230622-2411-GOBERNADOR-RICARDO-GALLARDO-RECIBE-RESPALDO-POLITICO-DEL-GOBIERNO-FEDERAL-9-800x500.jpeg",800,500,true],"covernews-featured":["https:\/\/noticias-sinlimites.com\/wp-content\/uploads\/2022\/06\/230622-2411-GOBERNADOR-RICARDO-GALLARDO-RECIBE-RESPALDO-POLITICO-DEL-GOBIERNO-FEDERAL-9.jpeg",809,779,false],"covernews-medium":["https:\/\/noticias-sinlimites.com\/wp-content\/uploads\/2022\/06\/230622-2411-GOBERNADOR-RICARDO-GALLARDO-RECIBE-RESPALDO-POLITICO-DEL-GOBIERNO-FEDERAL-9-540x340.jpeg",540,340,true],"covernews-medium-square":["https:\/\/noticias-sinlimites.com\/wp-content\/uploads\/2022\/06\/230622-2411-GOBERNADOR-RICARDO-GALLARDO-RECIBE-RESPALDO-POLITICO-DEL-GOBIERNO-FEDERAL-9-400x250.jpeg",400,250,true]},"author_info":{"display_name":"Redacci\u00f3n","author_link":"https:\/\/noticias-sinlimites.com\/?author=2"},"category_info":"<a href=\"https:\/\/noticias-sinlimites.com\/?cat=21\" rel=\"category\">Principal<\/a>","tag_info":"Principal","comment_count":"0","_links":{"self":[{"href":"https:\/\/noticias-sinlimites.com\/index.php?rest_route=\/wp\/v2\/posts\/1247","targetHints":{"allow":["GET"]}}],"collection":[{"href":"https:\/\/noticias-sinlimites.com\/index.php?rest_route=\/wp\/v2\/posts"}],"about":[{"href":"https:\/\/noticias-sinlimites.com\/index.php?rest_route=\/wp\/v2\/types\/post"}],"author":[{"embeddable":true,"href":"https:\/\/noticias-sinlimites.com\/index.php?rest_route=\/wp\/v2\/users\/2"}],"replies":[{"embeddable":true,"href":"https:\/\/noticias-sinlimites.com\/index.php?rest_route=%2Fwp%2Fv2%2Fcomments&post=1247"}],"version-history":[{"count":1,"href":"https:\/\/noticias-sinlimites.com\/index.php?rest_route=\/wp\/v2\/posts\/1247\/revisions"}],"predecessor-version":[{"id":1248,"href":"https:\/\/noticias-sinlimites.com\/index.php?rest_route=\/wp\/v2\/posts\/1247\/revisions\/1248"}],"wp:featuredmedia":[{"embeddable":true,"href":"https:\/\/noticias-sinlimites.com\/index.php?rest_route=\/wp\/v2\/media\/1243"}],"wp:attachment":[{"href":"https:\/\/noticias-sinlimites.com\/index.php?rest_route=%2Fwp%2Fv2%2Fmedia&parent=1247"}],"wp:term":[{"taxonomy":"category","embeddable":true,"href":"https:\/\/noticias-sinlimites.com\/index.php?rest_route=%2Fwp%2Fv2%2Fcategories&post=1247"},{"taxonomy":"post_tag","embeddable":true,"href":"https:\/\/noticias-sinlimites.com\/index.php?rest_route=%2Fwp%2Fv2%2Ftags&post=1247"}],"curies":[{"name":"wp","href":"https:\/\/api.w.org\/{rel}","templated":true}]}}