{"id":1548,"date":"2022-07-05T16:08:53","date_gmt":"2022-07-05T21:08:53","guid":{"rendered":"https:\/\/noticias-sinlimites.com\/?p=1548"},"modified":"2022-07-05T16:19:50","modified_gmt":"2022-07-05T21:19:50","slug":"se-reunen-comunicadores-con-la-comision-especial-de-periodistas-en-el-congreso","status":"publish","type":"post","link":"https:\/\/noticias-sinlimites.com\/?p=1548","title":{"rendered":"Se re\u00fanen comunicadores con la Comisi\u00f3n Especial de Periodistas en el Congreso"},"content":{"rendered":"<p>Las y los diputados integrantes de la Comisi\u00f3n Especial de Atenci\u00f3n a Periodistas del Congreso del Estado, se reunieron con periodistas de la capital, como parte de los encuentros programados con trabajadores de los medios de comunicaci\u00f3n de todo el estado, para escucharlos, acompa\u00f1arlos y encontrar soluciones a la problem\u00e1tica que enfrentan.<\/p>\n<p>&nbsp;<\/p>\n<p>El presidente de la Comisi\u00f3n, diputado Eloy Franklin Sarabia dej\u00f3 en claro que los trabajos no est\u00e1n enfocados a que la Comisi\u00f3n se convierta en un sindicato o en una oficina de quejas, sino en un \u00f3rgano que acompa\u00f1e, gestione y atienda, en el \u00e1mbito de sus facultades legales, a las y los periodistas potosinos.<\/p>\n<p>&nbsp;<\/p>\n<p>La licenciada Ver\u00f3nica Onofre coordinadora del Mecanismo Estatal de Protecci\u00f3n a Periodistas y Personas Defensoras de Derechos Humanos y el maestro \u00c1ngel Gonzalo Santiago Hern\u00e1ndez subsecretario de Derechos Humanos, estuvieron presentes y dieron detalles sobre el funcionamiento del mecanismo.<\/p>\n<p>&nbsp;<\/p>\n<p>Dejaron en claro que apenas el 4 de Octubre de 2021 se cre\u00f3 este mecanismo a nivel estatal, de tal manera que todos los casos se turnaban al mecanismo federal; a nivel local, hay un caso que est\u00e1 en proceso de integrarse y hay 15 asuntos que est\u00e1n en el \u00e1mbito federal y podr\u00edan atenderse localmente.<\/p>\n<p>&nbsp;<\/p>\n<p>Las diputadas Mar\u00eda Claudia Trist\u00e1n Alvarado y Liliana Guadalupe Flores Almaz\u00e1n aseguraron que siempre estar\u00e1n de lado de los periodistas y har\u00e1n todo lo necesario para que se atiendan las propuestas, por lo que propusieron mesas de trabajo, que haya avances en los acuerdos y rutas de acci\u00f3n establecidas.<\/p>\n<p>&nbsp;<\/p>\n<p>El legislador Salvador Isais Rodr\u00edguez expuso que \u201cnosotros escuchamos a todas y todos porque el periodismo es algo dif\u00edcil, siempre tiene obst\u00e1culos, pero estamos en la mejor disposici\u00f3n y en 15 d\u00edas de trabajos ya hay resultados; seguiremos recogiendo lo que ustedes sienten y requieren\u201d.<\/p>\n<p>&nbsp;<\/p>\n<p>Por su parte, la diputada Emma Idalia Salda\u00f1a Guerrero manifest\u00f3 la necesidad de ayudar en cuestiones de prevenci\u00f3n y seguridad, \u201cnos acercaremos al secretario de seguridad, con el fiscal, para exponerles la necesidad de capacitaci\u00f3n a sus elementos sobre la forma en que se relacionan con la prensa y no poner en riesgo su integridad; tambi\u00e9n habr\u00e1 cursos de capacitaci\u00f3n a periodistas\u201d.<\/p>\n<p>&nbsp;<\/p>\n<p>Participaron en la reuni\u00f3n las y los periodistas Luc\u00eda L\u00f3pez, Everardo Gonz\u00e1lez, Adolfo V\u00e1zquez, Fernando Berm\u00fadez, Patricia Calvillo, Ruth Salazar, Mar\u00eda Jos\u00e9 Puente y Jos\u00e9 Guti\u00e9rrez Guill\u00e9n.<\/p>\n<p>&nbsp;<\/p>\n<p>Se\u00f1alaron que coinciden en la necesidad de realizar un padr\u00f3n pero sin discriminar a nadie y que se protejan los datos personales, ya que en la actualidad, \u201chay mucha gente nueva en el gremio y no sabemos sin realidad son reporteros o traen otros intereses, por lo que podr\u00edamos estar en peligro sin saberlo\u201d.<\/p>\n<p>&nbsp;<\/p>\n<p>Hubo reconocimiento a los diputados por abrir espacios al debate y las propuestas, a los funcionarios de gobierno del estado responsables de protocolo, por atender a quienes est\u00e1n en este programa y restaurarles los beneficios y aunque aseguraron que \u201cno somos aliados del poder, s\u00ed reconocemos que seamos escuchados\u201d.<\/p>\n<p>&nbsp;<\/p>\n<p>Entre las propuestas que expusieron destacan que los servidores p\u00fablicos reciban capacitaci\u00f3n para que dejen de agredir a las y los reporteros, que haya asistencia social, fondos para atender diversas situaciones que se presentan \u201ccomo la de cualquier ciudadano\u201d e incluso que haya internet gratuito en las diversas dependencias para que puedan realizar su trabajo.<\/p>\n<p>&nbsp;<\/p>\n<p>Propusieron que en cuanto un periodista sienta que est\u00e1 en peligro, se le brinde protecci\u00f3n inmediata por tres d\u00edas mientras se hacen las investigaciones o cambia la situaci\u00f3n; recordaron que hay trabajadores de medios que sufren enfermedades cr\u00f3nicas y al no tener recursos ni seguridad social en sus empresas, requieren ayuda.<\/p>\n<p>&nbsp;<\/p>\n<p>\u201cHay funcionarios que tienen la piel delgada, les molesta la cr\u00edtica y responden agresivamente, no entienden que es nuestra labor cuestionar y no somos sus enemigos, por ello pedimos que les den un \u2018jal\u00f3n de orejas\u2019, que les hagan entender cu\u00e1l es nuestra funci\u00f3n y se apliquen sanciones cuando nos agredan\u201d, dijeron.<\/p>\n<p>&nbsp;<\/p>\n<p>Pidieron cambios en la organizaci\u00f3n y convocatoria del Premio Estatal de Periodismo, que no haya discriminaci\u00f3n si es que se integra un padr\u00f3n ya que la ley define con claridad la personalidad legal de un periodista, que haya recursos suficientes para el mecanismo de protecci\u00f3n y que se exhorte al gobierno federal a que deje de agredir verbalmente a los periodistas.<\/p>\n<p>&nbsp;<\/p>\n<p>La Comisi\u00f3n de Atenci\u00f3n a Periodistas seguir\u00e1 reuni\u00e9ndose con periodistas en las diversas zonas del estado.<\/p>\n","protected":false},"excerpt":{"rendered":"<p>Las y los diputados integrantes de la Comisi\u00f3n Especial de Atenci\u00f3n a Periodistas del Congreso&#8230;<\/p>\n","protected":false},"author":2,"featured_media":1551,"comment_status":"open","ping_status":"open","sticky":false,"template":"","format":"standard","meta":{"footnotes":""},"categories":[13,21],"tags":[],"class_list":["post-1548","post","type-post","status-publish","format-standard","has-post-thumbnail","hentry","category-congreso","category-principal"],"featured_image_urls":{"full":["https:\/\/noticias-sinlimites.com\/wp-content\/uploads\/2022\/07\/Comision-especial-de-atencion-a-Periodistas.jpg",936,648,false],"thumbnail":["https:\/\/noticias-sinlimites.com\/wp-content\/uploads\/2022\/07\/Comision-especial-de-atencion-a-Periodistas-150x150.jpg",150,150,true],"medium":["https:\/\/noticias-sinlimites.com\/wp-content\/uploads\/2022\/07\/Comision-especial-de-atencion-a-Periodistas-300x208.jpg",300,208,true],"medium_large":["https:\/\/noticias-sinlimites.com\/wp-content\/uploads\/2022\/07\/Comision-especial-de-atencion-a-Periodistas-768x532.jpg",640,443,true],"large":["https:\/\/noticias-sinlimites.com\/wp-content\/uploads\/2022\/07\/Comision-especial-de-atencion-a-Periodistas.jpg",640,443,false],"1536x1536":["https:\/\/noticias-sinlimites.com\/wp-content\/uploads\/2022\/07\/Comision-especial-de-atencion-a-Periodistas.jpg",936,648,false],"2048x2048":["https:\/\/noticias-sinlimites.com\/wp-content\/uploads\/2022\/07\/Comision-especial-de-atencion-a-Periodistas.jpg",936,648,false],"covernews-slider-full":["https:\/\/noticias-sinlimites.com\/wp-content\/uploads\/2022\/07\/Comision-especial-de-atencion-a-Periodistas.jpg",936,648,false],"covernews-slider-center":["https:\/\/noticias-sinlimites.com\/wp-content\/uploads\/2022\/07\/Comision-especial-de-atencion-a-Periodistas-800x500.jpg",800,500,true],"covernews-featured":["https:\/\/noticias-sinlimites.com\/wp-content\/uploads\/2022\/07\/Comision-especial-de-atencion-a-Periodistas.jpg",936,648,false],"covernews-medium":["https:\/\/noticias-sinlimites.com\/wp-content\/uploads\/2022\/07\/Comision-especial-de-atencion-a-Periodistas-540x340.jpg",540,340,true],"covernews-medium-square":["https:\/\/noticias-sinlimites.com\/wp-content\/uploads\/2022\/07\/Comision-especial-de-atencion-a-Periodistas-400x250.jpg",400,250,true]},"author_info":{"display_name":"Redacci\u00f3n","author_link":"https:\/\/noticias-sinlimites.com\/?author=2"},"category_info":"<a href=\"https:\/\/noticias-sinlimites.com\/?cat=13\" rel=\"category\">Congreso<\/a> <a href=\"https:\/\/noticias-sinlimites.com\/?cat=21\" rel=\"category\">Principal<\/a>","tag_info":"Principal","comment_count":"0","_links":{"self":[{"href":"https:\/\/noticias-sinlimites.com\/index.php?rest_route=\/wp\/v2\/posts\/1548","targetHints":{"allow":["GET"]}}],"collection":[{"href":"https:\/\/noticias-sinlimites.com\/index.php?rest_route=\/wp\/v2\/posts"}],"about":[{"href":"https:\/\/noticias-sinlimites.com\/index.php?rest_route=\/wp\/v2\/types\/post"}],"author":[{"embeddable":true,"href":"https:\/\/noticias-sinlimites.com\/index.php?rest_route=\/wp\/v2\/users\/2"}],"replies":[{"embeddable":true,"href":"https:\/\/noticias-sinlimites.com\/index.php?rest_route=%2Fwp%2Fv2%2Fcomments&post=1548"}],"version-history":[{"count":1,"href":"https:\/\/noticias-sinlimites.com\/index.php?rest_route=\/wp\/v2\/posts\/1548\/revisions"}],"predecessor-version":[{"id":1553,"href":"https:\/\/noticias-sinlimites.com\/index.php?rest_route=\/wp\/v2\/posts\/1548\/revisions\/1553"}],"wp:featuredmedia":[{"embeddable":true,"href":"https:\/\/noticias-sinlimites.com\/index.php?rest_route=\/wp\/v2\/media\/1551"}],"wp:attachment":[{"href":"https:\/\/noticias-sinlimites.com\/index.php?rest_route=%2Fwp%2Fv2%2Fmedia&parent=1548"}],"wp:term":[{"taxonomy":"category","embeddable":true,"href":"https:\/\/noticias-sinlimites.com\/index.php?rest_route=%2Fwp%2Fv2%2Fcategories&post=1548"},{"taxonomy":"post_tag","embeddable":true,"href":"https:\/\/noticias-sinlimites.com\/index.php?rest_route=%2Fwp%2Fv2%2Ftags&post=1548"}],"curies":[{"name":"wp","href":"https:\/\/api.w.org\/{rel}","templated":true}]}}