{"id":1693,"date":"2022-07-12T16:25:34","date_gmt":"2022-07-12T21:25:34","guid":{"rendered":"https:\/\/noticias-sinlimites.com\/?p=1693"},"modified":"2022-07-12T16:25:34","modified_gmt":"2022-07-12T21:25:34","slug":"gobierno-entrega-apoyos-a-personas-con-discapacidad","status":"publish","type":"post","link":"https:\/\/noticias-sinlimites.com\/?p=1693","title":{"rendered":"Gobierno entrega apoyos a personas con discapacidad"},"content":{"rendered":"<p>&nbsp;<\/p>\n<ul>\n<li><strong>Acompa\u00f1ados de Juli\u00f3n \u00c1lvarez, el Gobernador y su esposa hacen un llamado por la inclusi\u00f3n y cumplen el sue\u00f1o de ni\u00f1os y ni\u00f1as que necesitaban de estos apoyos para sobrellevar sus enfermedades<\/strong><\/li>\n<\/ul>\n<p>Al entregar m\u00e1s de 350 sillas de ruedas y ayudas t\u00e9cnicas a usuarias y usuarios del Centro de Rehabilitaci\u00f3n y Educaci\u00f3n Especial (CREE), el Gobernador Ricardo Gallardo Cardona y la presidenta del Sistema Estatal para el Desarrollo Integral de la Familia (DIF), Ruth Gonz\u00e1lez Silva, reafirmaron su compromiso con la inclusi\u00f3n y la creaci\u00f3n de oportunidades de progreso para personas con discapacidad en San Luis Potos\u00ed.<\/p>\n<p>Durante el evento, al que asisti\u00f3 el cantante Juli\u00f3n \u00c1lvarez, Gallardo Cardona asever\u00f3 que su Gobierno nunca dir\u00e1 que no hay recursos para adquirir sillas de ruedas, pr\u00f3tesis o aparatos auditivos, \u201cporque primero van las necesidades de todas las personas de San Luis Potos\u00ed\u201d, e invit\u00f3 a toda la sociedad a ser m\u00e1s sensible con quienes viven con una discapacidad, a ponerse en su lugar, y especialmente en el de ni\u00f1as y ni\u00f1os, para darles calidad de vida y oportunidades de desarrollo.<\/p>\n<p>Gallardo Cardona hizo especial menci\u00f3n del peque\u00f1o Hugo, con diagn\u00f3stico de salud reservado, que cumpli\u00f3 su sue\u00f1o de conocer y cantar una canci\u00f3n con el artista del regional mexicano, Juli\u00f3n \u00c1lvarez a quien el Gobernador le agradeci\u00f3 por su buen coraz\u00f3n y por haber donado cientos de juguetes para ni\u00f1as y ni\u00f1os usuarios del centro.<\/p>\n<p>Tambi\u00e9n coment\u00f3 que el nuevo Gobierno encontr\u00f3 en p\u00e9simas condiciones el CREE por la indolencia de la \u201cherencia maldita\u201d, por lo que las instalaciones tuvieron que ser remodeladas y equipadas, y adem\u00e1s se les dot\u00f3 de material suficiente para atender a muchas ni\u00f1as y ni\u00f1os que viven con una discapacidad.<\/p>\n<p>Por su parte, Gonz\u00e1lez Silva expres\u00f3 que con la entrega de sillas de ruedas y otras ayudas t\u00e9cnicas, se rompen los paradigmas de divisi\u00f3n social que por a\u00f1os hab\u00edan predominado en el Estado, y celebr\u00f3 la construcci\u00f3n de un San Luis Potos\u00ed unido, incluyente y un DIF m\u00e1s humano, por lo que agradeci\u00f3 al Gobernador su invaluable compromiso y dedicaci\u00f3n para ayudar a las personas con discapacidad.<\/p>\n<p>Por su parte, Juli\u00f3n \u00c1lvarez consider\u00f3 que este tipo de eventos son momentos para reflexionar y sensibilizarse, adem\u00e1s de compartir con su familia, ya que estuvo acompa\u00f1ado por su esposa y sus hijas, para conocer la situaci\u00f3n en que viven otras personas, y agreg\u00f3 que se trata de una experiencia \u201cque s\u00ed suma y que s\u00ed se ve\u201d.<\/p>\n","protected":false},"excerpt":{"rendered":"<p>&nbsp; Acompa\u00f1ados de Juli\u00f3n \u00c1lvarez, el Gobernador y su esposa hacen un llamado por la&#8230;<\/p>\n","protected":false},"author":2,"featured_media":1696,"comment_status":"open","ping_status":"open","sticky":false,"template":"","format":"standard","meta":{"footnotes":""},"categories":[10,21],"tags":[],"class_list":["post-1693","post","type-post","status-publish","format-standard","has-post-thumbnail","hentry","category-estado","category-principal"],"featured_image_urls":{"full":["https:\/\/noticias-sinlimites.com\/wp-content\/uploads\/2022\/07\/120722-2572-GOBERNADOR-RICARDO-GALLARDO-Y-RUTH-GONZALEZ-ENTREGAN-APOYOS-A-PERSONAS-CON-DISCAPACIDAD-10.jpeg",1280,920,false],"thumbnail":["https:\/\/noticias-sinlimites.com\/wp-content\/uploads\/2022\/07\/120722-2572-GOBERNADOR-RICARDO-GALLARDO-Y-RUTH-GONZALEZ-ENTREGAN-APOYOS-A-PERSONAS-CON-DISCAPACIDAD-10-150x150.jpeg",150,150,true],"medium":["https:\/\/noticias-sinlimites.com\/wp-content\/uploads\/2022\/07\/120722-2572-GOBERNADOR-RICARDO-GALLARDO-Y-RUTH-GONZALEZ-ENTREGAN-APOYOS-A-PERSONAS-CON-DISCAPACIDAD-10-300x216.jpeg",300,216,true],"medium_large":["https:\/\/noticias-sinlimites.com\/wp-content\/uploads\/2022\/07\/120722-2572-GOBERNADOR-RICARDO-GALLARDO-Y-RUTH-GONZALEZ-ENTREGAN-APOYOS-A-PERSONAS-CON-DISCAPACIDAD-10-768x552.jpeg",640,460,true],"large":["https:\/\/noticias-sinlimites.com\/wp-content\/uploads\/2022\/07\/120722-2572-GOBERNADOR-RICARDO-GALLARDO-Y-RUTH-GONZALEZ-ENTREGAN-APOYOS-A-PERSONAS-CON-DISCAPACIDAD-10-1024x736.jpeg",640,460,true],"1536x1536":["https:\/\/noticias-sinlimites.com\/wp-content\/uploads\/2022\/07\/120722-2572-GOBERNADOR-RICARDO-GALLARDO-Y-RUTH-GONZALEZ-ENTREGAN-APOYOS-A-PERSONAS-CON-DISCAPACIDAD-10.jpeg",1280,920,false],"2048x2048":["https:\/\/noticias-sinlimites.com\/wp-content\/uploads\/2022\/07\/120722-2572-GOBERNADOR-RICARDO-GALLARDO-Y-RUTH-GONZALEZ-ENTREGAN-APOYOS-A-PERSONAS-CON-DISCAPACIDAD-10.jpeg",1280,920,false],"covernews-slider-full":["https:\/\/noticias-sinlimites.com\/wp-content\/uploads\/2022\/07\/120722-2572-GOBERNADOR-RICARDO-GALLARDO-Y-RUTH-GONZALEZ-ENTREGAN-APOYOS-A-PERSONAS-CON-DISCAPACIDAD-10-1115x715.jpeg",1115,715,true],"covernews-slider-center":["https:\/\/noticias-sinlimites.com\/wp-content\/uploads\/2022\/07\/120722-2572-GOBERNADOR-RICARDO-GALLARDO-Y-RUTH-GONZALEZ-ENTREGAN-APOYOS-A-PERSONAS-CON-DISCAPACIDAD-10-800x500.jpeg",800,500,true],"covernews-featured":["https:\/\/noticias-sinlimites.com\/wp-content\/uploads\/2022\/07\/120722-2572-GOBERNADOR-RICARDO-GALLARDO-Y-RUTH-GONZALEZ-ENTREGAN-APOYOS-A-PERSONAS-CON-DISCAPACIDAD-10-1024x736.jpeg",1024,736,true],"covernews-medium":["https:\/\/noticias-sinlimites.com\/wp-content\/uploads\/2022\/07\/120722-2572-GOBERNADOR-RICARDO-GALLARDO-Y-RUTH-GONZALEZ-ENTREGAN-APOYOS-A-PERSONAS-CON-DISCAPACIDAD-10-540x340.jpeg",540,340,true],"covernews-medium-square":["https:\/\/noticias-sinlimites.com\/wp-content\/uploads\/2022\/07\/120722-2572-GOBERNADOR-RICARDO-GALLARDO-Y-RUTH-GONZALEZ-ENTREGAN-APOYOS-A-PERSONAS-CON-DISCAPACIDAD-10-400x250.jpeg",400,250,true]},"author_info":{"display_name":"Redacci\u00f3n","author_link":"https:\/\/noticias-sinlimites.com\/?author=2"},"category_info":"<a href=\"https:\/\/noticias-sinlimites.com\/?cat=10\" rel=\"category\">Estado<\/a> <a href=\"https:\/\/noticias-sinlimites.com\/?cat=21\" rel=\"category\">Principal<\/a>","tag_info":"Principal","comment_count":"0","_links":{"self":[{"href":"https:\/\/noticias-sinlimites.com\/index.php?rest_route=\/wp\/v2\/posts\/1693","targetHints":{"allow":["GET"]}}],"collection":[{"href":"https:\/\/noticias-sinlimites.com\/index.php?rest_route=\/wp\/v2\/posts"}],"about":[{"href":"https:\/\/noticias-sinlimites.com\/index.php?rest_route=\/wp\/v2\/types\/post"}],"author":[{"embeddable":true,"href":"https:\/\/noticias-sinlimites.com\/index.php?rest_route=\/wp\/v2\/users\/2"}],"replies":[{"embeddable":true,"href":"https:\/\/noticias-sinlimites.com\/index.php?rest_route=%2Fwp%2Fv2%2Fcomments&post=1693"}],"version-history":[{"count":1,"href":"https:\/\/noticias-sinlimites.com\/index.php?rest_route=\/wp\/v2\/posts\/1693\/revisions"}],"predecessor-version":[{"id":1697,"href":"https:\/\/noticias-sinlimites.com\/index.php?rest_route=\/wp\/v2\/posts\/1693\/revisions\/1697"}],"wp:featuredmedia":[{"embeddable":true,"href":"https:\/\/noticias-sinlimites.com\/index.php?rest_route=\/wp\/v2\/media\/1696"}],"wp:attachment":[{"href":"https:\/\/noticias-sinlimites.com\/index.php?rest_route=%2Fwp%2Fv2%2Fmedia&parent=1693"}],"wp:term":[{"taxonomy":"category","embeddable":true,"href":"https:\/\/noticias-sinlimites.com\/index.php?rest_route=%2Fwp%2Fv2%2Fcategories&post=1693"},{"taxonomy":"post_tag","embeddable":true,"href":"https:\/\/noticias-sinlimites.com\/index.php?rest_route=%2Fwp%2Fv2%2Ftags&post=1693"}],"curies":[{"name":"wp","href":"https:\/\/api.w.org\/{rel}","templated":true}]}}