{"id":1750,"date":"2022-07-13T16:19:32","date_gmt":"2022-07-13T21:19:32","guid":{"rendered":"https:\/\/noticias-sinlimites.com\/?p=1750"},"modified":"2022-07-13T16:19:32","modified_gmt":"2022-07-13T21:19:32","slug":"presentan-festival-internacional-de-danza-lila-lopez","status":"publish","type":"post","link":"https:\/\/noticias-sinlimites.com\/?p=1750","title":{"rendered":"Presentan festival internacional de danza \u00abLila L\u00f3pez\u00bb"},"content":{"rendered":"<p>&nbsp;<\/p>\n<ul>\n<li><strong>En el festival m\u00e1s importante y antiguo de M\u00e9xico, se presentar\u00e1n compa\u00f1\u00edas nacionales e internacionales del 23 al 30 de julio de 2022. Participa por primera vez la UASLP como sede<\/strong><\/li>\n<\/ul>\n<p>&nbsp;<\/p>\n<p>El Gobierno del Estado de San Luis Potos\u00ed a trav\u00e9s de la Secretar\u00eda de Cultura present\u00f3 este d\u00eda el Festival Internacional de Danza Contempor\u00e1nea \u201cLila L\u00f3pez\u201d en su XLII (Cuadrag\u00e9sima Segunda) edici\u00f3n: que se llevar\u00e1 a cabo del 23 al 30 de julio de 2022 en distintas sedes del Estado con la participaci\u00f3n de grupos danc\u00edsticos nacionales e internacionales.<\/p>\n<p>La secretaria de Cultura, Elizabeth Torres M\u00e9ndez, afirm\u00f3 que el Gobierno estatal encabezado por Ricardo Gallardo Cardona est\u00e1 enfocado en convertir las artes en el camino de superaci\u00f3n y esperanza para miles de ni\u00f1as, ni\u00f1os, adolescentes y j\u00f3venes.<\/p>\n<p>La fiesta de la danza con el lema Arte en Movimiento, regresa tras dos a\u00f1os de ediciones digitales para seguirse posicionando como el festival de mayor tradici\u00f3n y prestigio a nivel nacional de su g\u00e9nero. Se presentar\u00e1n compa\u00f1\u00edas independientes de amplia trayectoria nacional como Cuatro x Cuatro, La Infinita Compa\u00f1\u00eda, Delfos Danza, Barro Rojo y Danza Joven de Sinaloa &amp; Danza Visual, La Serpiente Danza, Roc\u00edo Reyes, Julia Barrios de la Mora, Colectivo de juguete, On Danza-Radio, Cr\u00f3nico Arte L\u00fadico, Escuela Profesional de Danza de Mazatl\u00e1n.<\/p>\n<p>Tambi\u00e9n se contar\u00e1 con la participaci\u00f3n de agrupaciones locales encabezadas por la compa\u00f1\u00eda anfitriona \u201cEl Ballet Provincial de San Luis Potos\u00ed\u201d seguidas de agrupaciones como el \u00c1ngel del Espejo, Proyecto Coyote, Nucleodanza, Arte Altiplano &amp; Danzul Studio, La Onda Esc\u00e9nica, as\u00ed como creadores esc\u00e9nicos independientes. El programa Internacional correr\u00e1 a cargo de Cortosinesis (Colombia), Giro8 (Brasil) y del mexicano C\u00e9sar Brodermann con bailarines invitados de Batsheva Dance Company (Israel).<\/p>\n<p>Para la realizaci\u00f3n de este Festival se suma el Instituto Nacional de Bellas Artes y Literatura a trav\u00e9s de sus compa\u00f1\u00edas representativas: la Compa\u00f1\u00eda Nacional de Danza, dirigida por la bailarina Elisa Carrillo y Cuauht\u00e9moc N\u00e1jera con su programa contempor\u00e1neo, el Centro de Producci\u00f3n de Danza Contempor\u00e1nea con su producci\u00f3n de estreno, as\u00ed como por la Coordinaci\u00f3n Nacional de Danza. A su vez, la divisi\u00f3n de Difusi\u00f3n Cultural de la UASLP participa por primera ocasi\u00f3n en el Festival siendo sede del evento en el Centro Cultural Universitario Bicentenario.<\/p>\n<p>Toda la programaci\u00f3n, as\u00ed como la oferta acad\u00e9mica y concursos del evento se pueden consultar en la p\u00e1gina web y redes sociales de la Secretar\u00eda de Cultura.<\/p>\n","protected":false},"excerpt":{"rendered":"<p>&nbsp; En el festival m\u00e1s importante y antiguo de M\u00e9xico, se presentar\u00e1n compa\u00f1\u00edas nacionales e&#8230;<\/p>\n","protected":false},"author":2,"featured_media":1751,"comment_status":"open","ping_status":"open","sticky":false,"template":"","format":"standard","meta":{"footnotes":""},"categories":[6],"tags":[],"class_list":["post-1750","post","type-post","status-publish","format-standard","has-post-thumbnail","hentry","category-espectaculos"],"featured_image_urls":{"full":["https:\/\/noticias-sinlimites.com\/wp-content\/uploads\/2022\/07\/130722-2579-SECULT-GOBIERNO-PRESENTA-FESTIVAL-INTERNACIONAL-DE-DANZA-LILA-LOPEZ-3.jpeg",1024,768,false],"thumbnail":["https:\/\/noticias-sinlimites.com\/wp-content\/uploads\/2022\/07\/130722-2579-SECULT-GOBIERNO-PRESENTA-FESTIVAL-INTERNACIONAL-DE-DANZA-LILA-LOPEZ-3-150x150.jpeg",150,150,true],"medium":["https:\/\/noticias-sinlimites.com\/wp-content\/uploads\/2022\/07\/130722-2579-SECULT-GOBIERNO-PRESENTA-FESTIVAL-INTERNACIONAL-DE-DANZA-LILA-LOPEZ-3-300x225.jpeg",300,225,true],"medium_large":["https:\/\/noticias-sinlimites.com\/wp-content\/uploads\/2022\/07\/130722-2579-SECULT-GOBIERNO-PRESENTA-FESTIVAL-INTERNACIONAL-DE-DANZA-LILA-LOPEZ-3-768x576.jpeg",640,480,true],"large":["https:\/\/noticias-sinlimites.com\/wp-content\/uploads\/2022\/07\/130722-2579-SECULT-GOBIERNO-PRESENTA-FESTIVAL-INTERNACIONAL-DE-DANZA-LILA-LOPEZ-3.jpeg",640,480,false],"1536x1536":["https:\/\/noticias-sinlimites.com\/wp-content\/uploads\/2022\/07\/130722-2579-SECULT-GOBIERNO-PRESENTA-FESTIVAL-INTERNACIONAL-DE-DANZA-LILA-LOPEZ-3.jpeg",1024,768,false],"2048x2048":["https:\/\/noticias-sinlimites.com\/wp-content\/uploads\/2022\/07\/130722-2579-SECULT-GOBIERNO-PRESENTA-FESTIVAL-INTERNACIONAL-DE-DANZA-LILA-LOPEZ-3.jpeg",1024,768,false],"covernews-slider-full":["https:\/\/noticias-sinlimites.com\/wp-content\/uploads\/2022\/07\/130722-2579-SECULT-GOBIERNO-PRESENTA-FESTIVAL-INTERNACIONAL-DE-DANZA-LILA-LOPEZ-3-1024x715.jpeg",1024,715,true],"covernews-slider-center":["https:\/\/noticias-sinlimites.com\/wp-content\/uploads\/2022\/07\/130722-2579-SECULT-GOBIERNO-PRESENTA-FESTIVAL-INTERNACIONAL-DE-DANZA-LILA-LOPEZ-3-800x500.jpeg",800,500,true],"covernews-featured":["https:\/\/noticias-sinlimites.com\/wp-content\/uploads\/2022\/07\/130722-2579-SECULT-GOBIERNO-PRESENTA-FESTIVAL-INTERNACIONAL-DE-DANZA-LILA-LOPEZ-3.jpeg",1024,768,false],"covernews-medium":["https:\/\/noticias-sinlimites.com\/wp-content\/uploads\/2022\/07\/130722-2579-SECULT-GOBIERNO-PRESENTA-FESTIVAL-INTERNACIONAL-DE-DANZA-LILA-LOPEZ-3-540x340.jpeg",540,340,true],"covernews-medium-square":["https:\/\/noticias-sinlimites.com\/wp-content\/uploads\/2022\/07\/130722-2579-SECULT-GOBIERNO-PRESENTA-FESTIVAL-INTERNACIONAL-DE-DANZA-LILA-LOPEZ-3-400x250.jpeg",400,250,true]},"author_info":{"display_name":"Redacci\u00f3n","author_link":"https:\/\/noticias-sinlimites.com\/?author=2"},"category_info":"<a href=\"https:\/\/noticias-sinlimites.com\/?cat=6\" rel=\"category\">Espect\u00e1culos<\/a>","tag_info":"Espect\u00e1culos","comment_count":"0","_links":{"self":[{"href":"https:\/\/noticias-sinlimites.com\/index.php?rest_route=\/wp\/v2\/posts\/1750","targetHints":{"allow":["GET"]}}],"collection":[{"href":"https:\/\/noticias-sinlimites.com\/index.php?rest_route=\/wp\/v2\/posts"}],"about":[{"href":"https:\/\/noticias-sinlimites.com\/index.php?rest_route=\/wp\/v2\/types\/post"}],"author":[{"embeddable":true,"href":"https:\/\/noticias-sinlimites.com\/index.php?rest_route=\/wp\/v2\/users\/2"}],"replies":[{"embeddable":true,"href":"https:\/\/noticias-sinlimites.com\/index.php?rest_route=%2Fwp%2Fv2%2Fcomments&post=1750"}],"version-history":[{"count":1,"href":"https:\/\/noticias-sinlimites.com\/index.php?rest_route=\/wp\/v2\/posts\/1750\/revisions"}],"predecessor-version":[{"id":1752,"href":"https:\/\/noticias-sinlimites.com\/index.php?rest_route=\/wp\/v2\/posts\/1750\/revisions\/1752"}],"wp:featuredmedia":[{"embeddable":true,"href":"https:\/\/noticias-sinlimites.com\/index.php?rest_route=\/wp\/v2\/media\/1751"}],"wp:attachment":[{"href":"https:\/\/noticias-sinlimites.com\/index.php?rest_route=%2Fwp%2Fv2%2Fmedia&parent=1750"}],"wp:term":[{"taxonomy":"category","embeddable":true,"href":"https:\/\/noticias-sinlimites.com\/index.php?rest_route=%2Fwp%2Fv2%2Fcategories&post=1750"},{"taxonomy":"post_tag","embeddable":true,"href":"https:\/\/noticias-sinlimites.com\/index.php?rest_route=%2Fwp%2Fv2%2Ftags&post=1750"}],"curies":[{"name":"wp","href":"https:\/\/api.w.org\/{rel}","templated":true}]}}