{"id":228,"date":"2022-04-18T15:35:48","date_gmt":"2022-04-18T15:35:48","guid":{"rendered":"https:\/\/noticiassinlimites.com\/?p=228"},"modified":"2022-04-18T15:35:48","modified_gmt":"2022-04-18T15:35:48","slug":"rgc-inaugura-feria-de-la-enchilada","status":"publish","type":"post","link":"https:\/\/noticias-sinlimites.com\/?p=228","title":{"rendered":"RGC inaugura Feria de la Enchilada"},"content":{"rendered":"<div class=\"t pg-1m0 pg-1x5 pg-1h4 pg-1y5 pg-1ff1 pg-1fs1 pg-1fc0 pg-1sc0 pg-1ls0 pg-1ws0\"><\/div>\n<div><\/div>\n<div class=\"t pg-1m0 pg-1x6 pg-1h5 pg-1y6 pg-1ff2 pg-1fs2 pg-1fc0 pg-1sc1 pg-1ls0 pg-1ws0\" style=\"text-align: left;\"><span class=\"pg-1ff1 pg-1sc0\">Acompa\u00f1ado de su esposa Ruth Gonz\u00e1lez Silva y de autoridades municipales, cort\u00f3<\/span><\/div>\n<div class=\"t pg-1m0 pg-1x7 pg-1h5 pg-1y7 pg-1ff1 pg-1fs2 pg-1fc0 pg-1sc0 pg-1ls0 pg-1ws0\" style=\"text-align: left;\">el list\u00f3n que dio comienzo a esta gran Feria regional.<\/div>\n<div style=\"text-align: left;\"><\/div>\n<div class=\"t pg-1m0 pg-1x6 pg-1h5 pg-1y8 pg-1ff2 pg-1fs2 pg-1fc0 pg-1sc1 pg-1ls0 pg-1ws0\" style=\"text-align: left;\"><span class=\"pg-1ff1 pg-1sc0\">La agrupaci\u00f3n Bronco fue la encargada de brindar una noche inolvidable a las y los<\/span><\/div>\n<div class=\"t pg-1m0 pg-1x7 pg-1h5 pg-1y9 pg-1ff1 pg-1fs2 pg-1fc0 pg-1sc0 pg-1ls0 pg-1ws0\" style=\"text-align: left;\">presentes.<\/div>\n<div style=\"text-align: left;\"><\/div>\n<div class=\"t pg-1m0 pg-1x8 pg-1h6 pg-1ya pg-1ff3 pg-1fs2 pg-1fc0 pg-1sc0 pg-1ls0 pg-1ws0\" style=\"text-align: left;\">Ante miles de familias potosinas y visitantes que se congregaron con gran entusiasmo en la plaza<\/div>\n<div class=\"t pg-1m0 pg-1x8 pg-1h6 pg-1yb pg-1ff3 pg-1fs2 pg-1fc0 pg-1sc0 pg-1ls0 pg-1ws0\" style=\"text-align: left;\">principal de Soledad de Graciano S\u00e1nchez, el Gobernador del Estado, Ricardo Gallardo Cardona<\/div>\n<div class=\"t pg-1m0 pg-1x8 pg-1h6 pg-1yc pg-1ff3 pg-1fs2 pg-1fc0 pg-1sc0 pg-1ls0 pg-1ws0\" style=\"text-align: left;\">inaugur\u00f3 la Feria Nacional de la Enchilada (Fenae) 2022 con la presentaci\u00f3n estelar de la<\/div>\n<div class=\"t pg-1m0 pg-1x8 pg-1h6 pg-1yd pg-1ff3 pg-1fs2 pg-1fc0 pg-1sc0 pg-1ls0 pg-1ws0\" style=\"text-align: left;\">agrupaci\u00f3n regiomontana Bronco.<\/div>\n<div><\/div>\n<div class=\"t pg-1m0 pg-1x8 pg-1h6 pg-1ye pg-1ff3 pg-1fs2 pg-1fc0 pg-1sc0 pg-1ls0 pg-1ws0\" style=\"text-align: left;\">Acompa\u00f1ado de su esposa Ruth Gonz\u00e1lez Silva, el Mandatario Estatal cort\u00f3 el list\u00f3n inaugural y<\/div>\n<div class=\"t pg-1m0 pg-1x8 pg-1h6 pg-1yf pg-1ff3 pg-1fs2 pg-1fc0 pg-1sc0 pg-1ls0 pg-1ws0\" style=\"text-align: left;\">reiter\u00f3 la firme convicci\u00f3n de que la reactivaci\u00f3n econ\u00f3mica es fundamental para el progreso<\/div>\n<div class=\"t pg-1m0 pg-1x8 pg-1h6 pg-1y10 pg-1ff3 pg-1fs2 pg-1fc0 pg-1sc0 pg-1ls0 pg-1ws0\" style=\"text-align: left;\">sostenido de las familias, por lo cual, dijo, se respaldar\u00e1n todas las acciones que fijen ese prop\u00f3sito<\/div>\n<div class=\"t pg-1m0 pg-1x8 pg-1h6 pg-1y11 pg-1ff3 pg-1fs2 pg-1fc0 pg-1sc0 pg-1ls0 pg-1ws0\" style=\"text-align: left;\">de manera responsable.<\/div>\n<div><\/div>\n<div class=\"t pg-1m0 pg-1x8 pg-1h6 pg-1y12 pg-1ff3 pg-1fs2 pg-1fc0 pg-1sc0 pg-1ls0 pg-1ws0\" style=\"text-align: left;\">Felicit\u00f3 a la presidenta municipal Leonor Noyola Cervantes y a su equipo de trabajo, por su labor a<\/div>\n<div class=\"t pg-1m0 pg-1x8 pg-1h6 pg-1y13 pg-1ff3 pg-1fs2 pg-1fc0 pg-1sc0 pg-1ls0 pg-1ws0\" style=\"text-align: left;\">favor de la econom\u00eda en los hogares de esta demarcaci\u00f3n, al organizar el regreso de una de las<\/div>\n<div class=\"t pg-1m0 pg-1x8 pg-1h6 pg-1y14 pg-1ff3 pg-1fs2 pg-1fc0 pg-1sc0 pg-1ls0 pg-1ws0\" style=\"text-align: left;\">Ferias regionales m\u00e1s importantes de la regi\u00f3n Baj\u00edo del pa\u00eds; asimismo, al ofrecer juegos<\/div>\n<div class=\"t pg-1m0 pg-1x8 pg-1h6 pg-1y15 pg-1ff3 pg-1fs2 pg-1fc0 pg-1sc0 pg-1ls0 pg-1ws0\" style=\"text-align: left;\">mec\u00e1nicos, entrada y conciertos de primer nivel completamente gratuitos.<\/div>\n<div><\/div>\n<div class=\"t pg-1m0 pg-1x8 pg-1h6 pg-1y16 pg-1ff3 pg-1fs2 pg-1fc0 pg-1sc0 pg-1ls0 pg-1ws0\" style=\"text-align: left;\">\u00abVamos a recuperar la Feria del Pueblo, y as\u00ed como en Soledad, la Feria Nacional Potosina ser\u00e1<\/div>\n<div class=\"t pg-1m0 pg-1x8 pg-1h6 pg-1y17 pg-1ff3 pg-1fs2 pg-1fc0 pg-1sc0 pg-1ls0 pg-1ws0\" style=\"text-align: left;\">completamente gratuita para todas y todos\u00bb, exclam\u00f3 Gallardo Cardona.<\/div>\n<div class=\"t pg-1m0 pg-1x8 pg-1h6 pg-1y18 pg-1ff3 pg-1fs2 pg-1fc0 pg-1sc0 pg-1ls0 pg-1ws0\" style=\"text-align: left;\">Resalt\u00f3 que la pandemia de Covid-19 contin\u00faa presente en el pa\u00eds y el mundo, por los que exhort\u00f3<\/div>\n<div class=\"t pg-1m0 pg-1x8 pg-1h6 pg-1y19 pg-1ff3 pg-1fs2 pg-1fc0 pg-1sc0 pg-1ls0 pg-1ws0\" style=\"text-align: left;\">a las y los potosinos sumarse a la estrategia sanitaria para continuar debilitando al virus, y de esa<\/div>\n<div class=\"t pg-1m0 pg-1x8 pg-1h6 pg-1y1a pg-1ff3 pg-1fs2 pg-1fc0 pg-1sc0 pg-1ls0 pg-1ws0\" style=\"text-align: left;\">manera avanzar en el desarrollo y fortalecimiento del Estado apegado a la nueva normalidad.<\/div>\n<div><\/div>\n<div class=\"t pg-1m0 pg-1x8 pg-1h6 pg-1y1b pg-1ff3 pg-1fs2 pg-1fc0 pg-1sc0 pg-1ls0 pg-1ws0\" style=\"text-align: left;\">Las luces y los primeros acordes de \u00abLibros Tontos\u00bb y \u00abAdoro\u00bb comenzaron a vibrar en el escenario<\/div>\n<div class=\"t pg-1m0 pg-1x8 pg-1h6 pg-1y1c pg-1ff3 pg-1fs2 pg-1fc0 pg-1sc0 pg-1ls0 pg-1ws0\" style=\"text-align: left;\">de la Fenae y enseguida salieron los integrantes del famoso y aclamado grupo musical Bronco,<\/div>\n<div class=\"t pg-1m0 pg-1x8 pg-1h6 pg-1y1d pg-1ff3 pg-1fs2 pg-1fc0 pg-1sc0 pg-1ls0 pg-1ws0\" style=\"text-align: left;\">ante la ovaci\u00f3n de miles de parejas, familias, grupos de amigos, j\u00f3venes y adultos.<\/div>\n","protected":false},"excerpt":{"rendered":"<p>Acompa\u00f1ado de su esposa Ruth Gonz\u00e1lez Silva y de autoridades municipales, cort\u00f3 el list\u00f3n que&#8230;<\/p>\n","protected":false},"author":1,"featured_media":229,"comment_status":"open","ping_status":"open","sticky":false,"template":"","format":"standard","meta":{"footnotes":""},"categories":[11,21],"tags":[],"class_list":["post-228","post","type-post","status-publish","format-standard","has-post-thumbnail","hentry","category-capital","category-principal"],"featured_image_urls":{"full":["https:\/\/noticias-sinlimites.com\/wp-content\/uploads\/2022\/04\/170422-1800-GOBERNADOR-ENTRE-EL-CALOR-SOLEDENSE-GOBERNADOR-INAUGURA-LA-FERIA-NACIONAL-DE-LA-ENCHILADA-2.jpeg",1600,1017,false],"thumbnail":["https:\/\/noticias-sinlimites.com\/wp-content\/uploads\/2022\/04\/170422-1800-GOBERNADOR-ENTRE-EL-CALOR-SOLEDENSE-GOBERNADOR-INAUGURA-LA-FERIA-NACIONAL-DE-LA-ENCHILADA-2-150x150.jpeg",150,150,true],"medium":["https:\/\/noticias-sinlimites.com\/wp-content\/uploads\/2022\/04\/170422-1800-GOBERNADOR-ENTRE-EL-CALOR-SOLEDENSE-GOBERNADOR-INAUGURA-LA-FERIA-NACIONAL-DE-LA-ENCHILADA-2-300x191.jpeg",300,191,true],"medium_large":["https:\/\/noticias-sinlimites.com\/wp-content\/uploads\/2022\/04\/170422-1800-GOBERNADOR-ENTRE-EL-CALOR-SOLEDENSE-GOBERNADOR-INAUGURA-LA-FERIA-NACIONAL-DE-LA-ENCHILADA-2-768x488.jpeg",640,407,true],"large":["https:\/\/noticias-sinlimites.com\/wp-content\/uploads\/2022\/04\/170422-1800-GOBERNADOR-ENTRE-EL-CALOR-SOLEDENSE-GOBERNADOR-INAUGURA-LA-FERIA-NACIONAL-DE-LA-ENCHILADA-2-1024x651.jpeg",640,407,true],"1536x1536":["https:\/\/noticias-sinlimites.com\/wp-content\/uploads\/2022\/04\/170422-1800-GOBERNADOR-ENTRE-EL-CALOR-SOLEDENSE-GOBERNADOR-INAUGURA-LA-FERIA-NACIONAL-DE-LA-ENCHILADA-2-1536x976.jpeg",1536,976,true],"2048x2048":["https:\/\/noticias-sinlimites.com\/wp-content\/uploads\/2022\/04\/170422-1800-GOBERNADOR-ENTRE-EL-CALOR-SOLEDENSE-GOBERNADOR-INAUGURA-LA-FERIA-NACIONAL-DE-LA-ENCHILADA-2.jpeg",1600,1017,false],"covernews-slider-full":["https:\/\/noticias-sinlimites.com\/wp-content\/uploads\/2022\/04\/170422-1800-GOBERNADOR-ENTRE-EL-CALOR-SOLEDENSE-GOBERNADOR-INAUGURA-LA-FERIA-NACIONAL-DE-LA-ENCHILADA-2.jpeg",1115,709,false],"covernews-slider-center":["https:\/\/noticias-sinlimites.com\/wp-content\/uploads\/2022\/04\/170422-1800-GOBERNADOR-ENTRE-EL-CALOR-SOLEDENSE-GOBERNADOR-INAUGURA-LA-FERIA-NACIONAL-DE-LA-ENCHILADA-2.jpeg",787,500,false],"covernews-featured":["https:\/\/noticias-sinlimites.com\/wp-content\/uploads\/2022\/04\/170422-1800-GOBERNADOR-ENTRE-EL-CALOR-SOLEDENSE-GOBERNADOR-INAUGURA-LA-FERIA-NACIONAL-DE-LA-ENCHILADA-2.jpeg",1024,651,false],"covernews-medium":["https:\/\/noticias-sinlimites.com\/wp-content\/uploads\/2022\/04\/170422-1800-GOBERNADOR-ENTRE-EL-CALOR-SOLEDENSE-GOBERNADOR-INAUGURA-LA-FERIA-NACIONAL-DE-LA-ENCHILADA-2.jpeg",535,340,false],"covernews-medium-square":["https:\/\/noticias-sinlimites.com\/wp-content\/uploads\/2022\/04\/170422-1800-GOBERNADOR-ENTRE-EL-CALOR-SOLEDENSE-GOBERNADOR-INAUGURA-LA-FERIA-NACIONAL-DE-LA-ENCHILADA-2.jpeg",393,250,false]},"author_info":{"display_name":"admin","author_link":"https:\/\/noticias-sinlimites.com\/?author=1"},"category_info":"<a href=\"https:\/\/noticias-sinlimites.com\/?cat=11\" rel=\"category\">Capital<\/a> <a href=\"https:\/\/noticias-sinlimites.com\/?cat=21\" rel=\"category\">Principal<\/a>","tag_info":"Principal","comment_count":"0","_links":{"self":[{"href":"https:\/\/noticias-sinlimites.com\/index.php?rest_route=\/wp\/v2\/posts\/228","targetHints":{"allow":["GET"]}}],"collection":[{"href":"https:\/\/noticias-sinlimites.com\/index.php?rest_route=\/wp\/v2\/posts"}],"about":[{"href":"https:\/\/noticias-sinlimites.com\/index.php?rest_route=\/wp\/v2\/types\/post"}],"author":[{"embeddable":true,"href":"https:\/\/noticias-sinlimites.com\/index.php?rest_route=\/wp\/v2\/users\/1"}],"replies":[{"embeddable":true,"href":"https:\/\/noticias-sinlimites.com\/index.php?rest_route=%2Fwp%2Fv2%2Fcomments&post=228"}],"version-history":[{"count":1,"href":"https:\/\/noticias-sinlimites.com\/index.php?rest_route=\/wp\/v2\/posts\/228\/revisions"}],"predecessor-version":[{"id":230,"href":"https:\/\/noticias-sinlimites.com\/index.php?rest_route=\/wp\/v2\/posts\/228\/revisions\/230"}],"wp:featuredmedia":[{"embeddable":true,"href":"https:\/\/noticias-sinlimites.com\/index.php?rest_route=\/wp\/v2\/media\/229"}],"wp:attachment":[{"href":"https:\/\/noticias-sinlimites.com\/index.php?rest_route=%2Fwp%2Fv2%2Fmedia&parent=228"}],"wp:term":[{"taxonomy":"category","embeddable":true,"href":"https:\/\/noticias-sinlimites.com\/index.php?rest_route=%2Fwp%2Fv2%2Fcategories&post=228"},{"taxonomy":"post_tag","embeddable":true,"href":"https:\/\/noticias-sinlimites.com\/index.php?rest_route=%2Fwp%2Fv2%2Ftags&post=228"}],"curies":[{"name":"wp","href":"https:\/\/api.w.org\/{rel}","templated":true}]}}