{"id":29863,"date":"2022-08-22T18:40:03","date_gmt":"2022-08-22T23:40:03","guid":{"rendered":"https:\/\/noticias-sinlimites.com\/?p=29863"},"modified":"2022-08-22T18:40:03","modified_gmt":"2022-08-22T23:40:03","slug":"potosinos-cantaran-con-la-orquesta-sinfonica-nacional-en-homenaje-a-arturo-marquez","status":"publish","type":"post","link":"https:\/\/noticias-sinlimites.com\/?p=29863","title":{"rendered":"Potosinos cantar\u00e1n con la orquesta sinf\u00f3nica nacional en homenaje a Arturo M\u00e1rquez"},"content":{"rendered":"<div class=\"m8h3af8h l7ghb35v kjdc1dyq kmwttqpk gh25dzvf n3t5jt4f\">\n<div dir=\"auto\"><\/div>\n<div dir=\"auto\"><\/div>\n<\/div>\n<div class=\"l7ghb35v kjdc1dyq kmwttqpk gh25dzvf jikcssrz n3t5jt4f\">\n<div dir=\"auto\">\u2022 Solo tres coros del pa\u00eds fueron seleccionados para este evento que se realizar\u00e1 el 24 de agosto en el Teatro \u201cRoberto Cantoral\u201d de la Ciudad de M\u00e9xico a las 19:00 horas<\/div>\n<div dir=\"auto\"><\/div>\n<\/div>\n<div class=\"l7ghb35v kjdc1dyq kmwttqpk gh25dzvf jikcssrz n3t5jt4f\">\n<div dir=\"auto\">San Luis Potos\u00ed, a trav\u00e9s del Coro Polif\u00f3nico Infantil y Juvenil Oralia Dom\u00ednguez del Sistema de Agrupaciones Comunitarias Musicales, fue distinguido con la invitaci\u00f3n a participar con la Orquesta Sinf\u00f3nica Nacional en el homenaje en vida al gran compositor y director Arturo M\u00e1rquez, cuya participaci\u00f3n es muy destacada, ya que solo tres coros de todo el pa\u00eds fueron seleccionados para este evento que se llevar\u00e1 a cabo el 24 de agosto en el Teatro \u201cRoberto Cantoral\u201d de la ciudad de M\u00e9xico en punto de las 19:00 horas.<\/div>\n<div dir=\"auto\"><\/div>\n<\/div>\n<div class=\"l7ghb35v kjdc1dyq kmwttqpk gh25dzvf jikcssrz n3t5jt4f\">\n<div dir=\"auto\">La invitaci\u00f3n, reconocida por el Gobernador de San Luis Potos\u00ed, Ricardo Gallardo Cardona, fue realizada por la Sociedad de Autores y Compositores a la agrupaci\u00f3n potosina coral que fue fundada y dirigida por la maestra Vanessa A. Asenjo con una trayectoria de 6 a\u00f1os de disciplina coral, participando en giras nacionales y estatales con repertorio universal tanto a capella como vocal Sinf\u00f3nico.<\/div>\n<div dir=\"auto\"><\/div>\n<\/div>\n<div class=\"l7ghb35v kjdc1dyq kmwttqpk gh25dzvf jikcssrz n3t5jt4f\">\n<div dir=\"auto\">El Coro Polif\u00f3nico Infantil y Juvenil Oralia Dom\u00ednguez, ha participado con la Orquesta Sinf\u00f3nica de San Luis Potos\u00ed en diversas ocasiones y se ha presentado en importantes recintos culturales c\u00f3mo la Sala Blas Galindo del Complejo Cultural del Centro de las Artes de M\u00e9xico, la sala Polivalente en San Luis Potos\u00ed y el Teatro de la Paz.<\/div>\n<div dir=\"auto\"><\/div>\n<\/div>\n<div class=\"l7ghb35v kjdc1dyq kmwttqpk gh25dzvf jikcssrz n3t5jt4f\">\n<div dir=\"auto\">Desde m\u00fasica del folclor mexicano, corridos, romanzas y canciones de cuna, hasta obras del repertorio vocal sinf\u00f3nico, el coro infantil y juvenil Oralia Dom\u00ednguez, se distingue por su depurada ejecuci\u00f3n, transparencia vocal y fuerza interpretativa, sus producciones esc\u00e9nicas nacen de la creatividad de sus integrantes, combinado con el trabajo esc\u00e9nico, la agrupaci\u00f3n es \u00fanica en su tipo en el estado potosino.<\/div>\n<div dir=\"auto\"><\/div>\n<div dir=\"auto\">Asimismo, la agrupaci\u00f3n coral forma parte del Sistema de Agrupaciones Comunitarias Musicales de San Luis Potos\u00ed, programa que adem\u00e1s de este coro, agrupa a los colectivos infantiles y juveniles orquestales, de bandas musicales tradicionales de nuestro Estado, en concordancia con los conceptos culturales del Sistema Nacional de Fomento Musical cuya misi\u00f3n es impulsar el dise\u00f1o, la planeaci\u00f3n, el desarrollo e implementaci\u00f3n de pol\u00edticas educativas para la pr\u00e1ctica musical colectiva inclusiva de los sectores sociales m\u00e1s vulnerables de nuestra sociedad.<\/div>\n<\/div>\n","protected":false},"excerpt":{"rendered":"<p>\u2022 Solo tres coros del pa\u00eds fueron seleccionados para este evento que se realizar\u00e1 el&#8230;<\/p>\n","protected":false},"author":2,"featured_media":29864,"comment_status":"open","ping_status":"open","sticky":false,"template":"","format":"standard","meta":{"footnotes":""},"categories":[6],"tags":[],"class_list":["post-29863","post","type-post","status-publish","format-standard","has-post-thumbnail","hentry","category-espectaculos"],"featured_image_urls":{"full":["https:\/\/noticias-sinlimites.com\/wp-content\/uploads\/2022\/08\/301085336_488239433306809_2166187755010694569_n.jpg",810,540,false],"thumbnail":["https:\/\/noticias-sinlimites.com\/wp-content\/uploads\/2022\/08\/301085336_488239433306809_2166187755010694569_n-150x150.jpg",150,150,true],"medium":["https:\/\/noticias-sinlimites.com\/wp-content\/uploads\/2022\/08\/301085336_488239433306809_2166187755010694569_n-300x200.jpg",300,200,true],"medium_large":["https:\/\/noticias-sinlimites.com\/wp-content\/uploads\/2022\/08\/301085336_488239433306809_2166187755010694569_n-768x512.jpg",640,427,true],"large":["https:\/\/noticias-sinlimites.com\/wp-content\/uploads\/2022\/08\/301085336_488239433306809_2166187755010694569_n.jpg",640,427,false],"1536x1536":["https:\/\/noticias-sinlimites.com\/wp-content\/uploads\/2022\/08\/301085336_488239433306809_2166187755010694569_n.jpg",810,540,false],"2048x2048":["https:\/\/noticias-sinlimites.com\/wp-content\/uploads\/2022\/08\/301085336_488239433306809_2166187755010694569_n.jpg",810,540,false],"covernews-slider-full":["https:\/\/noticias-sinlimites.com\/wp-content\/uploads\/2022\/08\/301085336_488239433306809_2166187755010694569_n.jpg",810,540,false],"covernews-slider-center":["https:\/\/noticias-sinlimites.com\/wp-content\/uploads\/2022\/08\/301085336_488239433306809_2166187755010694569_n-800x500.jpg",800,500,true],"covernews-featured":["https:\/\/noticias-sinlimites.com\/wp-content\/uploads\/2022\/08\/301085336_488239433306809_2166187755010694569_n.jpg",810,540,false],"covernews-medium":["https:\/\/noticias-sinlimites.com\/wp-content\/uploads\/2022\/08\/301085336_488239433306809_2166187755010694569_n-540x340.jpg",540,340,true],"covernews-medium-square":["https:\/\/noticias-sinlimites.com\/wp-content\/uploads\/2022\/08\/301085336_488239433306809_2166187755010694569_n-400x250.jpg",400,250,true]},"author_info":{"display_name":"Redacci\u00f3n","author_link":"https:\/\/noticias-sinlimites.com\/?author=2"},"category_info":"<a href=\"https:\/\/noticias-sinlimites.com\/?cat=6\" rel=\"category\">Espect\u00e1culos<\/a>","tag_info":"Espect\u00e1culos","comment_count":"0","_links":{"self":[{"href":"https:\/\/noticias-sinlimites.com\/index.php?rest_route=\/wp\/v2\/posts\/29863","targetHints":{"allow":["GET"]}}],"collection":[{"href":"https:\/\/noticias-sinlimites.com\/index.php?rest_route=\/wp\/v2\/posts"}],"about":[{"href":"https:\/\/noticias-sinlimites.com\/index.php?rest_route=\/wp\/v2\/types\/post"}],"author":[{"embeddable":true,"href":"https:\/\/noticias-sinlimites.com\/index.php?rest_route=\/wp\/v2\/users\/2"}],"replies":[{"embeddable":true,"href":"https:\/\/noticias-sinlimites.com\/index.php?rest_route=%2Fwp%2Fv2%2Fcomments&post=29863"}],"version-history":[{"count":1,"href":"https:\/\/noticias-sinlimites.com\/index.php?rest_route=\/wp\/v2\/posts\/29863\/revisions"}],"predecessor-version":[{"id":29865,"href":"https:\/\/noticias-sinlimites.com\/index.php?rest_route=\/wp\/v2\/posts\/29863\/revisions\/29865"}],"wp:featuredmedia":[{"embeddable":true,"href":"https:\/\/noticias-sinlimites.com\/index.php?rest_route=\/wp\/v2\/media\/29864"}],"wp:attachment":[{"href":"https:\/\/noticias-sinlimites.com\/index.php?rest_route=%2Fwp%2Fv2%2Fmedia&parent=29863"}],"wp:term":[{"taxonomy":"category","embeddable":true,"href":"https:\/\/noticias-sinlimites.com\/index.php?rest_route=%2Fwp%2Fv2%2Fcategories&post=29863"},{"taxonomy":"post_tag","embeddable":true,"href":"https:\/\/noticias-sinlimites.com\/index.php?rest_route=%2Fwp%2Fv2%2Ftags&post=29863"}],"curies":[{"name":"wp","href":"https:\/\/api.w.org\/{rel}","templated":true}]}}