{"id":30310,"date":"2022-08-24T16:32:20","date_gmt":"2022-08-24T21:32:20","guid":{"rendered":"https:\/\/noticias-sinlimites.com\/?p=30310"},"modified":"2022-08-29T17:33:05","modified_gmt":"2022-08-29T22:33:05","slug":"presentan-a-convocatoria-de-consulta-a-personas-con-discapacidad","status":"publish","type":"post","link":"https:\/\/noticias-sinlimites.com\/?p=30310","title":{"rendered":"Presentan a Convocatoria de Consulta a Personas con Discapacidad"},"content":{"rendered":"<p>El Congreso del Estado present\u00f3 formalmente la Convocatoria de Consulta a Personas con Discapacidad para la Reforma Pol\u00edtico\u2013Electoral y Educaci\u00f3n Inclusiva, la recepci\u00f3n de las propuestas \u00a0se llevar\u00e1 a cabo del 24 de agosto al 6 de septiembre del a\u00f1o 2022, en horario de 9:00 a 15:00 horas.<\/p>\n<p>&nbsp;<\/p>\n<p>Se inform\u00f3 que se realizar\u00e1n foros regionales de consulta directa, en \u00a0donde se recibir\u00e1n propuestas, opiniones y recomendaciones relacionadas a las\u00a0 iniciativas a consultar.<\/p>\n<p>&nbsp;<\/p>\n<p>Los foros ser\u00e1n el mi\u00e9rcoles 31 de agosto a las 10:00 Horas se desarrollar\u00e1 en el municipio de Matehuala con sede en el (Centro Cultural de Matehuala) y de manera simult\u00e1nea se realizar\u00e1 en la Capital Potosina, en el Museo Laberinto de las Ciencias y las Artes.<\/p>\n<p>&nbsp;<\/p>\n<p>Mientras que el viernes 02 de Septiembre se realizar\u00e1 a las 10:00 horas en el municipio de Rioverde con sede en el Hotel Mar\u00eda Dolores (Sal\u00f3n los Helechos), y de manera simult\u00e1nea en Ciudad Valles con sede en el (sal\u00f3n Majestic), al igual que en el municipio de Tamazunchale con sede en la (Unidad Deportiva de Tamazunchale).<\/p>\n<p>&nbsp;<\/p>\n<p>La presentaci\u00f3n de la Convocatoria para la Consulta a Personas con Discapacidad para la Reforma Pol\u00edtico\u2013Electoral y Educaci\u00f3n Inclusiva, estuvo a cargo de la presienta de la Directiva del Congreso del Estado, diputada Yolanda Josefina Cepeda Echavarr\u00eda, el presidente de la Comisi\u00f3n de Puntos Constitucionales, diputado Edmundo Azael Torrescano Medina y la presidenta de la Comisi\u00f3n de Educaci\u00f3n, Cultura, Ciencias y Tecnolog\u00eda, diputada Mar\u00eda Claudia Trist\u00e1n Alvarado, quienes destacaron la importancia de realizar esta consulta sin costo econ\u00f3mico, tomando en cuenta que se lograron establecer una serie de acuerdos para el uso de las sedes donde se desarrollar\u00e1n los foros regionales.<\/p>\n<p>&nbsp;<\/p>\n<p>A la presentaci\u00f3n tambi\u00e9n estuvieron presentes, las diputadas Liliana Guadalupe Flores Almaz\u00e1n, Emma Idalia Salda\u00f1a Guerrero y Bernarda Reyes Hern\u00e1ndez. Adem\u00e1s, de Anita Renter\u00eda Guevara Guevara Jefa de Departamento de Educaci\u00f3n Especial de la Secretaria de Educaci\u00f3n del Estado, el profesor Juan Carlos B\u00e1rcenas Ram\u00edrez Secretario General de la Secci\u00f3n 26 del SNTE, la maestra Deninise Adriana Porras Guerrero, Magistrada Presidenta del Tribunal Electoral del Estado, el Consejeros y consejeras del CEEPAC: Marco Iv\u00e1n Vargas Cuellar, Ad\u00e1n Nieto Flores, Zelandia Burquee. Servando Hern\u00e1ndez Escand\u00f3n, titular de Derechos Humanos del Ayuntamiento de Mexquitic de Carmona.<\/p>\n<p>&nbsp;<\/p>\n<p>Las y los legisladores, exhortaron a las personas con discapacidad, as\u00ed como a organizaciones de y para personas con discapacidad, a emitir opiniones y propuestas en el proceso de estudio y an\u00e1lisis de la iniciativa que plantea expedir la Ley Electoral del Estado de San Luis Potos\u00ed; as\u00ed como la iniciativa que plantea reformar el cap\u00edtulo relativo a la educaci\u00f3n inclusiva de la Ley de Educaci\u00f3n del Estado de San Luis Potos\u00ed.<\/p>\n<p>&nbsp;<\/p>\n<p>Durante su participaci\u00f3n la presidenta de la Directiva, diputada Yolanda Josefina Cepeda Echavarr\u00eda sostuvo que, uno de los prop\u00f3sitos fundamentales ha sido la realizaci\u00f3n de un trabajo legislativo de excelencia. Pero tambi\u00e9n con calidad humana. Y con un compromiso real de contribuir con nuestra aportaci\u00f3n a la eliminaci\u00f3n de la discriminaci\u00f3n y la desigualdad social. \u201cPropiciando el acercamiento a trav\u00e9s de las consultas dirigidas a quienes han permanecido hist\u00f3ricamente en el lugar de la exclusi\u00f3n\u201d.<\/p>\n<p>&nbsp;<\/p>\n<p>En ese sentido reconocemos que la participaci\u00f3n interinstitucional posibilita que sea una realidad, que en conjunto con la sociedad potosina, sea la llave que abre las puertas a una nueva cultura de respeto, de ejercicio de derechos, de inclusi\u00f3n y apoyo a las personas con discapacidad.<\/p>\n<p>&nbsp;<\/p>\n<p>Al respecto, el presidente de la Comisi\u00f3n de Puntos Constitucionales, diputado Edmundo Azael Torrescano Medina, refrend\u00f3 el compromiso de las y los integrantes del Congreso del Estado, por incluir cada una de las propuestas y opiniones que permitan tomar en cuenta a las personas con discapacidad y muestra de ello, es que como parte de la reforma Pol\u00edtico-Electoral, se plantea entre varios temas que no deber\u00e1 existir ning\u00fan criterio de discriminaci\u00f3n con motivo de una diferencia f\u00edsica.<\/p>\n<p>&nbsp;<\/p>\n<p>Por su parte, la diputada Mar\u00eda Claudia Trist\u00e1n Alvarado indic\u00f3 que, los temas de la Reforma Pol\u00edtico Electoral y Educaci\u00f3n Inclusiva, son una prioridad porque tienen como finalidad tomar en consideraci\u00f3n las opiniones que fortalezcan los derechos de las personas con discapacidad, pero valorando algo muy importante su voz, sus inquietudes y necesidades en una sociedad que ha avanzado mucho en el tema de protecci\u00f3n, pero que a\u00fan nos hace falta implementar verdaderas pol\u00edticas p\u00fablicas en beneficio de estos grupos vulnerables.<\/p>\n<p>&nbsp;<\/p>\n<p>Se inform\u00f3 que el periodo de recepci\u00f3n de opiniones y propuestas ser\u00e1 del 24 de agosto al 6 de septiembre del a\u00f1o 2022, en horario de 9:00 a 15:00 horas, y deben estar dirigidas a la Presidencia del Congreso del Estado de San Luis Potos\u00ed, y podr\u00e1n ser presentadas por escrito o mediante dispositivo de almacenamiento electr\u00f3nico ante la oficina de la Directiva y\/o Diputaci\u00f3n Permanente del Congreso del Estado de San Luis Potos\u00ed, ubicada en la calle Profesor Pedro Vallejo n\u00famero 200, Centro Hist\u00f3rico, de esta Ciudad Capital.<\/p>\n<p>&nbsp;<\/p>\n<p>Tambi\u00e9n se pueden enviar a trav\u00e9s de correo electr\u00f3nico: <a href=\"mailto:consultapersonascondiscapacidad.electoralyeducacion@congresosanluis.gob.mx\">consultapersonascondiscapacidad.electoralyeducacion@congresosanluis.gob.mx<\/a><\/p>\n<p>Por medio del n\u00famero telef\u00f3nico: whastsapp y telegram 4445437494<\/p>\n<p>P\u00e1gina oficial: <a href=\"http:\/\/www.congresosanluis.gob.mx\/\">www.congresosanluis.gob.mx<\/a><\/p>\n<p>Facebook.com: @congresoedoslp<\/p>\n<p>Instagram: congresoslp<\/p>\n<p>Twitter: @CongresoEdoSLP<\/p>\n<p>&nbsp;<\/p>\n<p>Las mismas podr\u00e1n enviarse a trav\u00e9s de dispositivos digitales, mediante mensajes de voz, mensaje de texto o video con duraci\u00f3n de hasta cinco minutos.<\/p>\n","protected":false},"excerpt":{"rendered":"<p>El Congreso del Estado present\u00f3 formalmente la Convocatoria de Consulta a Personas con Discapacidad para&#8230;<\/p>\n","protected":false},"author":2,"featured_media":30303,"comment_status":"open","ping_status":"open","sticky":false,"template":"","format":"standard","meta":{"footnotes":""},"categories":[13,21],"tags":[],"class_list":["post-30310","post","type-post","status-publish","format-standard","has-post-thumbnail","hentry","category-congreso","category-principal"],"featured_image_urls":{"full":["https:\/\/noticias-sinlimites.com\/wp-content\/uploads\/2022\/08\/Consulta-a-personas-con-discapacidad_.jpg",936,648,false],"thumbnail":["https:\/\/noticias-sinlimites.com\/wp-content\/uploads\/2022\/08\/Consulta-a-personas-con-discapacidad_-150x150.jpg",150,150,true],"medium":["https:\/\/noticias-sinlimites.com\/wp-content\/uploads\/2022\/08\/Consulta-a-personas-con-discapacidad_-300x208.jpg",300,208,true],"medium_large":["https:\/\/noticias-sinlimites.com\/wp-content\/uploads\/2022\/08\/Consulta-a-personas-con-discapacidad_-768x532.jpg",640,443,true],"large":["https:\/\/noticias-sinlimites.com\/wp-content\/uploads\/2022\/08\/Consulta-a-personas-con-discapacidad_.jpg",640,443,false],"1536x1536":["https:\/\/noticias-sinlimites.com\/wp-content\/uploads\/2022\/08\/Consulta-a-personas-con-discapacidad_.jpg",936,648,false],"2048x2048":["https:\/\/noticias-sinlimites.com\/wp-content\/uploads\/2022\/08\/Consulta-a-personas-con-discapacidad_.jpg",936,648,false],"covernews-slider-full":["https:\/\/noticias-sinlimites.com\/wp-content\/uploads\/2022\/08\/Consulta-a-personas-con-discapacidad_.jpg",936,648,false],"covernews-slider-center":["https:\/\/noticias-sinlimites.com\/wp-content\/uploads\/2022\/08\/Consulta-a-personas-con-discapacidad_-800x500.jpg",800,500,true],"covernews-featured":["https:\/\/noticias-sinlimites.com\/wp-content\/uploads\/2022\/08\/Consulta-a-personas-con-discapacidad_.jpg",936,648,false],"covernews-medium":["https:\/\/noticias-sinlimites.com\/wp-content\/uploads\/2022\/08\/Consulta-a-personas-con-discapacidad_-540x340.jpg",540,340,true],"covernews-medium-square":["https:\/\/noticias-sinlimites.com\/wp-content\/uploads\/2022\/08\/Consulta-a-personas-con-discapacidad_-400x250.jpg",400,250,true]},"author_info":{"display_name":"Redacci\u00f3n","author_link":"https:\/\/noticias-sinlimites.com\/?author=2"},"category_info":"<a href=\"https:\/\/noticias-sinlimites.com\/?cat=13\" rel=\"category\">Congreso<\/a> <a href=\"https:\/\/noticias-sinlimites.com\/?cat=21\" rel=\"category\">Principal<\/a>","tag_info":"Principal","comment_count":"0","_links":{"self":[{"href":"https:\/\/noticias-sinlimites.com\/index.php?rest_route=\/wp\/v2\/posts\/30310","targetHints":{"allow":["GET"]}}],"collection":[{"href":"https:\/\/noticias-sinlimites.com\/index.php?rest_route=\/wp\/v2\/posts"}],"about":[{"href":"https:\/\/noticias-sinlimites.com\/index.php?rest_route=\/wp\/v2\/types\/post"}],"author":[{"embeddable":true,"href":"https:\/\/noticias-sinlimites.com\/index.php?rest_route=\/wp\/v2\/users\/2"}],"replies":[{"embeddable":true,"href":"https:\/\/noticias-sinlimites.com\/index.php?rest_route=%2Fwp%2Fv2%2Fcomments&post=30310"}],"version-history":[{"count":1,"href":"https:\/\/noticias-sinlimites.com\/index.php?rest_route=\/wp\/v2\/posts\/30310\/revisions"}],"predecessor-version":[{"id":30311,"href":"https:\/\/noticias-sinlimites.com\/index.php?rest_route=\/wp\/v2\/posts\/30310\/revisions\/30311"}],"wp:featuredmedia":[{"embeddable":true,"href":"https:\/\/noticias-sinlimites.com\/index.php?rest_route=\/wp\/v2\/media\/30303"}],"wp:attachment":[{"href":"https:\/\/noticias-sinlimites.com\/index.php?rest_route=%2Fwp%2Fv2%2Fmedia&parent=30310"}],"wp:term":[{"taxonomy":"category","embeddable":true,"href":"https:\/\/noticias-sinlimites.com\/index.php?rest_route=%2Fwp%2Fv2%2Fcategories&post=30310"},{"taxonomy":"post_tag","embeddable":true,"href":"https:\/\/noticias-sinlimites.com\/index.php?rest_route=%2Fwp%2Fv2%2Ftags&post=30310"}],"curies":[{"name":"wp","href":"https:\/\/api.w.org\/{rel}","templated":true}]}}