{"id":31283,"date":"2022-09-29T16:13:49","date_gmt":"2022-09-29T21:13:49","guid":{"rendered":"https:\/\/noticias-sinlimites.com\/?p=31283"},"modified":"2022-09-29T16:13:49","modified_gmt":"2022-09-29T21:13:49","slug":"campus-rioverde-de-la-uaslp-signa-convenio-de-colaboracion-con-el-h-ayuntamiento-de-ciudad-fernandez","status":"publish","type":"post","link":"https:\/\/noticias-sinlimites.com\/?p=31283","title":{"rendered":"Campus Rioverde de la UASLP signa convenio de colaboraci\u00f3n con el H. Ayuntamiento de Ciudad Fern\u00e1ndez \u00a0"},"content":{"rendered":"<p class=\"yiv0957272249MsoNormal\">\n<p class=\"yiv0957272249MsoNormal\">Como parte de su funci\u00f3n de vinculaci\u00f3n con el sector social, gubernamental y productivo, la Universidad Aut\u00f3noma de San Luis Potos\u00ed (UASLP) rubric\u00f3 este jueves 29 de septiembre, el convenio de colaboraci\u00f3n con el H. Ayuntamiento de Ciudad Fern\u00e1ndez, que permitir\u00e1 trabajar de manera conjunta en diversos programas y acciones en beneficio de ambas instituciones.<\/p>\n<p class=\"yiv0957272249MsoNormal\">\n<p class=\"yiv0957272249MsoNormal\">La firma tuvo lugar en el Edificio Central, por la UASLP, firmo el rector, Dr. Alejandro Zerme\u00f1o Guerra, y por el H. Ayuntamiento de Ciudad Fern\u00e1ndez, el Dr. Marco Antonio Gonz\u00e1lez Jasso.<\/p>\n<p class=\"yiv0957272249MsoNormal\">\n<p class=\"yiv0957272249MsoNormal\">Como testigos del acuerdo, estuvo presente el secretario general de la UASLP, Mtro. Federico Arturo Garza Herrera; el secretario general del Ayuntamiento de Ciudad Fern\u00e1ndez, Prof. Miguel Josu\u00e9 \u00c1vila Garc\u00eda y el s\u00edndico, Lic. David Alejandro Gonz\u00e1lez P\u00e9rez; y el Dr. H\u00e9ctor L\u00f3pez Gama, director de la Unidad Acad\u00e9mica Multidisciplinaria Zona Media, entre otras autoridades.<\/p>\n<p class=\"yiv0957272249MsoNormal\">\n<p class=\"yiv0957272249MsoNormal\">El doctor Alejandro Zerme\u00f1o Guerra, se\u00f1al\u00f3 que al ubicarse el municipio de Ciudad Fern\u00e1ndez en la zona media del estado cuenta con invaluable riqueza, siendo el lugar donde se genera la agroeconom\u00eda; pero tambi\u00e9n, destacadas deficiencias, sobre todo en el aspecto socioecon\u00f3mico.<\/p>\n<p class=\"yiv0957272249MsoNormal\">\n<p class=\"yiv0957272249MsoNormal\">A\u00f1adi\u00f3 que todas las acciones deben repercutir en bien de alg\u00fan grupo social, \u201ccomo autoridades municipales est\u00e1n al tanto de la diversidad de escenarios en los que se encuentran, entonces este convenio de colaboraci\u00f3n nos permite aportar como instituci\u00f3n educativa en diversos aspectos que permitan el desarrollo de la regi\u00f3n\u201d.<\/p>\n<p class=\"yiv0957272249MsoNormal\">\n<p class=\"yiv0957272249MsoNormal\">El Dr. Marco Antonio Gonz\u00e1lez Jasso, celebr\u00f3 haber alcanzado de manera formal la vinculaci\u00f3n acad\u00e9mica con la m\u00e1xima casa de estudios potosina, \u201ccomo gobierno nos interesa estar cerca de la Universidad, aprovechar los trabajos que se realizan en beneficio de los diferentes sectores de la poblaci\u00f3n\u201d.<\/p>\n<p class=\"yiv0957272249MsoNormal\">\n<p class=\"yiv0957272249MsoNormal\">Destac\u00f3 la presencia del Centro de Investigaci\u00f3n y Extensi\u00f3n \u201cEl Balandr\u00e1n\u201d en Ciudad Fern\u00e1ndez, y solicit\u00f3 a la UASLP que se permita aprovechar el conocimiento de investigadores para que pueda ser aplicado en la regi\u00f3n, \u201csabemos de la calidad y preparaci\u00f3n de los profesores universitarios y de los alumnos, por ello, pretendemos aprovechar la presencia de la instituci\u00f3n en el municipio\u201d.<\/p>\n<p class=\"yiv0957272249MsoNormal\">\n<p class=\"yiv0957272249MsoNormal\">El convenio de colaboraci\u00f3n entre la UASLP y el H. Ayuntamiento de Ciudad Fern\u00e1ndez, permitir\u00e1 trabajar de manera conjunta en: Proyectos; Programas de investigaci\u00f3n y docencia; Programas de prestaci\u00f3n de servicio social y pr\u00e1cticas profesionales; capacitaciones; impartici\u00f3n de cursos, conferencias y seminarios; Prestaciones de asesor\u00edas; Estancias de personal en trabajos de investigaci\u00f3n; y participaci\u00f3n en los eventos que se realicen en ambas instituciones.<\/p>\n","protected":false},"excerpt":{"rendered":"<p>Como parte de su funci\u00f3n de vinculaci\u00f3n con el sector social, gubernamental y productivo, la&#8230;<\/p>\n","protected":false},"author":2,"featured_media":31281,"comment_status":"open","ping_status":"open","sticky":false,"template":"","format":"standard","meta":{"footnotes":""},"categories":[11,21],"tags":[],"class_list":["post-31283","post","type-post","status-publish","format-standard","has-post-thumbnail","hentry","category-capital","category-principal"],"featured_image_urls":{"full":["https:\/\/noticias-sinlimites.com\/wp-content\/uploads\/2022\/09\/Firma-de-convenio-UASLP-Ayto.-Cd.-Fernandez-3.jpeg",854,1280,false],"thumbnail":["https:\/\/noticias-sinlimites.com\/wp-content\/uploads\/2022\/09\/Firma-de-convenio-UASLP-Ayto.-Cd.-Fernandez-3-150x150.jpeg",150,150,true],"medium":["https:\/\/noticias-sinlimites.com\/wp-content\/uploads\/2022\/09\/Firma-de-convenio-UASLP-Ayto.-Cd.-Fernandez-3-200x300.jpeg",200,300,true],"medium_large":["https:\/\/noticias-sinlimites.com\/wp-content\/uploads\/2022\/09\/Firma-de-convenio-UASLP-Ayto.-Cd.-Fernandez-3-768x1151.jpeg",640,959,true],"large":["https:\/\/noticias-sinlimites.com\/wp-content\/uploads\/2022\/09\/Firma-de-convenio-UASLP-Ayto.-Cd.-Fernandez-3-683x1024.jpeg",640,960,true],"1536x1536":["https:\/\/noticias-sinlimites.com\/wp-content\/uploads\/2022\/09\/Firma-de-convenio-UASLP-Ayto.-Cd.-Fernandez-3.jpeg",854,1280,false],"2048x2048":["https:\/\/noticias-sinlimites.com\/wp-content\/uploads\/2022\/09\/Firma-de-convenio-UASLP-Ayto.-Cd.-Fernandez-3.jpeg",854,1280,false],"covernews-slider-full":["https:\/\/noticias-sinlimites.com\/wp-content\/uploads\/2022\/09\/Firma-de-convenio-UASLP-Ayto.-Cd.-Fernandez-3-854x715.jpeg",854,715,true],"covernews-slider-center":["https:\/\/noticias-sinlimites.com\/wp-content\/uploads\/2022\/09\/Firma-de-convenio-UASLP-Ayto.-Cd.-Fernandez-3-800x500.jpeg",800,500,true],"covernews-featured":["https:\/\/noticias-sinlimites.com\/wp-content\/uploads\/2022\/09\/Firma-de-convenio-UASLP-Ayto.-Cd.-Fernandez-3.jpeg",854,1280,false],"covernews-medium":["https:\/\/noticias-sinlimites.com\/wp-content\/uploads\/2022\/09\/Firma-de-convenio-UASLP-Ayto.-Cd.-Fernandez-3-540x340.jpeg",540,340,true],"covernews-medium-square":["https:\/\/noticias-sinlimites.com\/wp-content\/uploads\/2022\/09\/Firma-de-convenio-UASLP-Ayto.-Cd.-Fernandez-3-400x250.jpeg",400,250,true]},"author_info":{"display_name":"Redacci\u00f3n","author_link":"https:\/\/noticias-sinlimites.com\/?author=2"},"category_info":"<a href=\"https:\/\/noticias-sinlimites.com\/?cat=11\" rel=\"category\">Capital<\/a> <a href=\"https:\/\/noticias-sinlimites.com\/?cat=21\" rel=\"category\">Principal<\/a>","tag_info":"Principal","comment_count":"0","_links":{"self":[{"href":"https:\/\/noticias-sinlimites.com\/index.php?rest_route=\/wp\/v2\/posts\/31283","targetHints":{"allow":["GET"]}}],"collection":[{"href":"https:\/\/noticias-sinlimites.com\/index.php?rest_route=\/wp\/v2\/posts"}],"about":[{"href":"https:\/\/noticias-sinlimites.com\/index.php?rest_route=\/wp\/v2\/types\/post"}],"author":[{"embeddable":true,"href":"https:\/\/noticias-sinlimites.com\/index.php?rest_route=\/wp\/v2\/users\/2"}],"replies":[{"embeddable":true,"href":"https:\/\/noticias-sinlimites.com\/index.php?rest_route=%2Fwp%2Fv2%2Fcomments&post=31283"}],"version-history":[{"count":1,"href":"https:\/\/noticias-sinlimites.com\/index.php?rest_route=\/wp\/v2\/posts\/31283\/revisions"}],"predecessor-version":[{"id":31284,"href":"https:\/\/noticias-sinlimites.com\/index.php?rest_route=\/wp\/v2\/posts\/31283\/revisions\/31284"}],"wp:featuredmedia":[{"embeddable":true,"href":"https:\/\/noticias-sinlimites.com\/index.php?rest_route=\/wp\/v2\/media\/31281"}],"wp:attachment":[{"href":"https:\/\/noticias-sinlimites.com\/index.php?rest_route=%2Fwp%2Fv2%2Fmedia&parent=31283"}],"wp:term":[{"taxonomy":"category","embeddable":true,"href":"https:\/\/noticias-sinlimites.com\/index.php?rest_route=%2Fwp%2Fv2%2Fcategories&post=31283"},{"taxonomy":"post_tag","embeddable":true,"href":"https:\/\/noticias-sinlimites.com\/index.php?rest_route=%2Fwp%2Fv2%2Ftags&post=31283"}],"curies":[{"name":"wp","href":"https:\/\/api.w.org\/{rel}","templated":true}]}}