{"id":31387,"date":"2022-10-03T18:08:14","date_gmt":"2022-10-03T23:08:14","guid":{"rendered":"https:\/\/noticias-sinlimites.com\/?p=31387"},"modified":"2022-10-03T18:08:14","modified_gmt":"2022-10-03T23:08:14","slug":"dio-inicio-la-primer-semana-institucional-del-emprendimiento-de-la-uaslp","status":"publish","type":"post","link":"https:\/\/noticias-sinlimites.com\/?p=31387","title":{"rendered":"Dio inicio la Primer Semana Institucional del Emprendimiento de la UASLP \u00a0"},"content":{"rendered":"<p class=\"yiv1794463623MsoNormal\">\n<p class=\"yiv1794463623MsoNormal\"><b>\u00a0<\/b><\/p>\n<p class=\"yiv1794463623MsoNormal\">La Universidad Aut\u00f3noma de San Luis Potos\u00ed a trav\u00e9s de la Divisi\u00f3n de Vinculaci\u00f3n y en colaboraci\u00f3n con la Incubadora de Negocios y el Centro de Emprendimiento e Innovaci\u00f3n Potosino, llev\u00f3 a cabo la inauguraci\u00f3n de la Primer Semana Institucional del Emprendimiento, la cual tiene lugar del 03 al 07 de octubre de 2022.<\/p>\n<p class=\"yiv1794463623MsoNormal\">\n<p class=\"yiv1794463623MsoNormal\">En el Teatro del Centro Cultural Universitario Bicentenario de la UASLP, el maestro Gylmar Mariel C\u00e1rdenas, jefe de la Divisi\u00f3n de Vinculaci\u00f3n dio la bienvenida a las y los asistentes a este evento que cont\u00f3 con una gran asistencia y a quienes les agradeci\u00f3 su presencia, destacando el compromiso social de la Universidad en materia de emprendimiento e innovaci\u00f3n.<\/p>\n<p class=\"yiv1794463623MsoNormal\">\n<p class=\"yiv1794463623MsoNormal\">El maestro Mariel C\u00e1rdenas se\u00f1al\u00f3 tambi\u00e9n que esta Primer Semana forma parte de las estrategias de la UASLP para poder apoyar temas de emprendimiento y promover un entorno que facilite todas estas ideas innovadoras, \u201ctodos estos proyectos de negocios que ustedes est\u00e1n generando\u201d.<\/p>\n<p class=\"yiv1794463623MsoNormal\">\n<p class=\"yiv1794463623MsoNormal\">Posterior a la inauguraci\u00f3n, se realiz\u00f3 la primera conferencia la cual estuvo a cargo de Rafael Iv\u00e1n Reyes Velasco, mejor conocido como Rafa Reyes, quien present\u00f3 \u201cComo borrar tus creencias limitantes\u201d. Rafa Reyes, es un conferencista internacional; ingeniero biom\u00e9dico, m\u00fasico, conferencista y locutor de radio. Nacido en Colombia, pero radicado en M\u00e9xico desde los dos a\u00f1os de edad, tiene una particularidad, Rafa no tiene brazos ni piernas.<\/p>\n<p class=\"yiv1794463623MsoNormal\">\n<p class=\"yiv1794463623MsoNormal\">Durante su conferencia, Rafa Reyes explic\u00f3 la importancia de hacer frente a las adversidades a trav\u00e9s de la esperanza y fe y se\u00f1al\u00f3, \u201cs\u00ed, fe de que todos los sue\u00f1os se alcanzan y de que todo es posible; todo eso lo aprend\u00ed \u00a0a trav\u00e9s de mis padres, que todos los d\u00edas me repet\u00edan hasta el cansancio, t\u00fa puedes y nada te va a detener en este mundo\u201d.<\/p>\n<p class=\"yiv1794463623MsoNormal\">\n<p class=\"yiv1794463623MsoNormal\">Apunt\u00f3 tambi\u00e9n que otra de las claves para poder realizar lo que se propone, es el decidir ser feliz, \u201cno solo en el emprendimiento, sino en la vida; por eso es la importancia del buen manejo de la energ\u00eda. Pero finalmente, es tu decisi\u00f3n el poder y querer ser feliz y sobre todo la toma de decisiones para poder serlo\u201d.<\/p>\n<p class=\"yiv1794463623MsoNormal\">\n<p class=\"yiv1794463623MsoNormal\">Finalmente, Rafa Reyes expres\u00f3 que cuando logras tener en tu mente solo creencias generadoras de poder, nada te detiene y sobre todo, tener el enfoque; \u201ccuando te enfocas en algo, siempre encuentras soluciones, pero lo m\u00e1s importante es poder rodearte de personas que te den el aliento para seguir adelante\u201d.<\/p>\n","protected":false},"excerpt":{"rendered":"<p>\u00a0 La Universidad Aut\u00f3noma de San Luis Potos\u00ed a trav\u00e9s de la Divisi\u00f3n de Vinculaci\u00f3n&#8230;<\/p>\n","protected":false},"author":2,"featured_media":31388,"comment_status":"open","ping_status":"open","sticky":false,"template":"","format":"standard","meta":{"footnotes":""},"categories":[11,21],"tags":[],"class_list":["post-31387","post","type-post","status-publish","format-standard","has-post-thumbnail","hentry","category-capital","category-principal"],"featured_image_urls":{"full":["https:\/\/noticias-sinlimites.com\/wp-content\/uploads\/2022\/10\/Dio-inicio-la-Primer-Semana-Institucional-del-Emprendimiento-de-la-UASLP-3.jpeg",1280,853,false],"thumbnail":["https:\/\/noticias-sinlimites.com\/wp-content\/uploads\/2022\/10\/Dio-inicio-la-Primer-Semana-Institucional-del-Emprendimiento-de-la-UASLP-3-150x150.jpeg",150,150,true],"medium":["https:\/\/noticias-sinlimites.com\/wp-content\/uploads\/2022\/10\/Dio-inicio-la-Primer-Semana-Institucional-del-Emprendimiento-de-la-UASLP-3-300x200.jpeg",300,200,true],"medium_large":["https:\/\/noticias-sinlimites.com\/wp-content\/uploads\/2022\/10\/Dio-inicio-la-Primer-Semana-Institucional-del-Emprendimiento-de-la-UASLP-3-768x512.jpeg",640,427,true],"large":["https:\/\/noticias-sinlimites.com\/wp-content\/uploads\/2022\/10\/Dio-inicio-la-Primer-Semana-Institucional-del-Emprendimiento-de-la-UASLP-3-1024x682.jpeg",640,426,true],"1536x1536":["https:\/\/noticias-sinlimites.com\/wp-content\/uploads\/2022\/10\/Dio-inicio-la-Primer-Semana-Institucional-del-Emprendimiento-de-la-UASLP-3.jpeg",1280,853,false],"2048x2048":["https:\/\/noticias-sinlimites.com\/wp-content\/uploads\/2022\/10\/Dio-inicio-la-Primer-Semana-Institucional-del-Emprendimiento-de-la-UASLP-3.jpeg",1280,853,false],"covernews-slider-full":["https:\/\/noticias-sinlimites.com\/wp-content\/uploads\/2022\/10\/Dio-inicio-la-Primer-Semana-Institucional-del-Emprendimiento-de-la-UASLP-3-1115x715.jpeg",1115,715,true],"covernews-slider-center":["https:\/\/noticias-sinlimites.com\/wp-content\/uploads\/2022\/10\/Dio-inicio-la-Primer-Semana-Institucional-del-Emprendimiento-de-la-UASLP-3-800x500.jpeg",800,500,true],"covernews-featured":["https:\/\/noticias-sinlimites.com\/wp-content\/uploads\/2022\/10\/Dio-inicio-la-Primer-Semana-Institucional-del-Emprendimiento-de-la-UASLP-3-1024x682.jpeg",1024,682,true],"covernews-medium":["https:\/\/noticias-sinlimites.com\/wp-content\/uploads\/2022\/10\/Dio-inicio-la-Primer-Semana-Institucional-del-Emprendimiento-de-la-UASLP-3-540x340.jpeg",540,340,true],"covernews-medium-square":["https:\/\/noticias-sinlimites.com\/wp-content\/uploads\/2022\/10\/Dio-inicio-la-Primer-Semana-Institucional-del-Emprendimiento-de-la-UASLP-3-400x250.jpeg",400,250,true]},"author_info":{"display_name":"Redacci\u00f3n","author_link":"https:\/\/noticias-sinlimites.com\/?author=2"},"category_info":"<a href=\"https:\/\/noticias-sinlimites.com\/?cat=11\" rel=\"category\">Capital<\/a> <a href=\"https:\/\/noticias-sinlimites.com\/?cat=21\" rel=\"category\">Principal<\/a>","tag_info":"Principal","comment_count":"0","_links":{"self":[{"href":"https:\/\/noticias-sinlimites.com\/index.php?rest_route=\/wp\/v2\/posts\/31387","targetHints":{"allow":["GET"]}}],"collection":[{"href":"https:\/\/noticias-sinlimites.com\/index.php?rest_route=\/wp\/v2\/posts"}],"about":[{"href":"https:\/\/noticias-sinlimites.com\/index.php?rest_route=\/wp\/v2\/types\/post"}],"author":[{"embeddable":true,"href":"https:\/\/noticias-sinlimites.com\/index.php?rest_route=\/wp\/v2\/users\/2"}],"replies":[{"embeddable":true,"href":"https:\/\/noticias-sinlimites.com\/index.php?rest_route=%2Fwp%2Fv2%2Fcomments&post=31387"}],"version-history":[{"count":1,"href":"https:\/\/noticias-sinlimites.com\/index.php?rest_route=\/wp\/v2\/posts\/31387\/revisions"}],"predecessor-version":[{"id":31389,"href":"https:\/\/noticias-sinlimites.com\/index.php?rest_route=\/wp\/v2\/posts\/31387\/revisions\/31389"}],"wp:featuredmedia":[{"embeddable":true,"href":"https:\/\/noticias-sinlimites.com\/index.php?rest_route=\/wp\/v2\/media\/31388"}],"wp:attachment":[{"href":"https:\/\/noticias-sinlimites.com\/index.php?rest_route=%2Fwp%2Fv2%2Fmedia&parent=31387"}],"wp:term":[{"taxonomy":"category","embeddable":true,"href":"https:\/\/noticias-sinlimites.com\/index.php?rest_route=%2Fwp%2Fv2%2Fcategories&post=31387"},{"taxonomy":"post_tag","embeddable":true,"href":"https:\/\/noticias-sinlimites.com\/index.php?rest_route=%2Fwp%2Fv2%2Ftags&post=31387"}],"curies":[{"name":"wp","href":"https:\/\/api.w.org\/{rel}","templated":true}]}}