{"id":55986,"date":"2025-10-26T18:50:20","date_gmt":"2025-10-26T23:50:20","guid":{"rendered":"https:\/\/noticias-sinlimites.com\/?p=55986"},"modified":"2025-10-28T14:51:16","modified_gmt":"2025-10-28T19:51:16","slug":"se-acabara-trafico-de-la-57-ricardo-gallardo-anuncia-nueva-autopista-a-queretaro","status":"publish","type":"post","link":"https:\/\/noticias-sinlimites.com\/?p=55986","title":{"rendered":"SE ACABAR\u00c1 TR\u00c1FICO DE LA 57: RICARDO GALLARDO ANUNCIA NUEVA AUTOPISTA A QUER\u00c9TARO"},"content":{"rendered":"<ul>\n<li class=\"card_text mbr-fonts-style display-4\">El Gobernador del Estado gestion\u00f3 con Grupo Meta la nueva autopista que impulsar\u00e1 el desarrollo de la Entidad, con una inversi\u00f3n de m\u00e1s de 20 mil millones de pesos.<\/li>\n<\/ul>\n<p class=\"card_text mbr-fonts-style display-4\">\n<p>El Gobernador del Estado Ricardo Gallardo Cardona, anunci\u00f3 el arranque de la nueva autopista San Luis Potos\u00ed a Quer\u00e9taro, una de las obras de infraestructura m\u00e1s importantes que se construir\u00e1 con inversi\u00f3n privada superior a los 20 mil millones de pesos por parte del Grupo Meta.<\/p>\n<p>El Gobernador potosino expuso que este nuevo corredor conectar\u00e1 de manera m\u00e1s r\u00e1pida y segura la zona metropolitana de la capital potosina con el centro del pa\u00eds, y que ser\u00e1 una obra, de magnitud similar a la autopista San Luis\u2013Matehuala.<\/p>\n<p>Ricardo Gallardo dijo que la nueva autopista, representa un paso hist\u00f3rico en materia de movilidad y desarrollo econ\u00f3mico para San Luis Potos\u00ed, al consolidar al Estado como un punto estrat\u00e9gico del corredor industrial y log\u00edstico del Baj\u00edo y adelant\u00f3 que en breve realizar\u00e1 una inspecci\u00f3n de los avances pues ya inici\u00f3 el primer tramo.<\/p>\n<p>El Mandatario Estatal subray\u00f3 que este proyecto detonar\u00e1 empleos directos e indirectos durante su construcci\u00f3n, mejorar\u00e1 la conectividad y fortalecer\u00e1 el turismo hacia San Luis Potos\u00ed, adem\u00e1s de fortalecer el cl\u00faster automotriz y la llegada de m\u00e1s inversiones globales.<\/p>\n","protected":false},"excerpt":{"rendered":"<p>El Gobernador del Estado gestion\u00f3 con Grupo Meta la nueva autopista que impulsar\u00e1 el desarrollo&#8230;<\/p>\n","protected":false},"author":2,"featured_media":55987,"comment_status":"open","ping_status":"open","sticky":false,"template":"","format":"standard","meta":{"footnotes":""},"categories":[10,61,21,2],"tags":[],"class_list":["post-55986","post","type-post","status-publish","format-standard","has-post-thumbnail","hentry","category-estado","category-locales","category-principal","category-slp"],"featured_image_urls":{"full":["https:\/\/d3dac9gdq8t83x.cloudfront.net\/media\/261025-15100-se-acabara-trafico-de-la-57-ricard.jpeg",921,519,false],"thumbnail":["https:\/\/d3dac9gdq8t83x.cloudfront.net\/media\/261025-15100-se-acabara-trafico-de-la-57-ricard.jpeg",150,85,false],"medium":["https:\/\/d3dac9gdq8t83x.cloudfront.net\/media\/261025-15100-se-acabara-trafico-de-la-57-ricard.jpeg",300,169,false],"medium_large":["https:\/\/d3dac9gdq8t83x.cloudfront.net\/media\/261025-15100-se-acabara-trafico-de-la-57-ricard.jpeg",640,361,false],"large":["https:\/\/d3dac9gdq8t83x.cloudfront.net\/media\/261025-15100-se-acabara-trafico-de-la-57-ricard.jpeg",640,361,false],"1536x1536":["https:\/\/d3dac9gdq8t83x.cloudfront.net\/media\/261025-15100-se-acabara-trafico-de-la-57-ricard.jpeg",921,519,false],"2048x2048":["https:\/\/d3dac9gdq8t83x.cloudfront.net\/media\/261025-15100-se-acabara-trafico-de-la-57-ricard.jpeg",921,519,false],"covernews-slider-full":["https:\/\/d3dac9gdq8t83x.cloudfront.net\/media\/261025-15100-se-acabara-trafico-de-la-57-ricard.jpeg",921,519,false],"covernews-slider-center":["https:\/\/d3dac9gdq8t83x.cloudfront.net\/media\/261025-15100-se-acabara-trafico-de-la-57-ricard.jpeg",800,451,false],"covernews-featured":["https:\/\/d3dac9gdq8t83x.cloudfront.net\/media\/261025-15100-se-acabara-trafico-de-la-57-ricard.jpeg",921,519,false],"covernews-medium":["https:\/\/d3dac9gdq8t83x.cloudfront.net\/media\/261025-15100-se-acabara-trafico-de-la-57-ricard.jpeg",540,304,false],"covernews-medium-square":["https:\/\/d3dac9gdq8t83x.cloudfront.net\/media\/261025-15100-se-acabara-trafico-de-la-57-ricard.jpeg",400,225,false]},"author_info":{"display_name":"Redacci\u00f3n","author_link":"https:\/\/noticias-sinlimites.com\/?author=2"},"category_info":"<a href=\"https:\/\/noticias-sinlimites.com\/?cat=10\" rel=\"category\">Estado<\/a> <a href=\"https:\/\/noticias-sinlimites.com\/?cat=61\" rel=\"category\">Locales<\/a> <a href=\"https:\/\/noticias-sinlimites.com\/?cat=21\" rel=\"category\">Principal<\/a> <a href=\"https:\/\/noticias-sinlimites.com\/?cat=2\" rel=\"category\">SLP<\/a>","tag_info":"SLP","comment_count":"0","_links":{"self":[{"href":"https:\/\/noticias-sinlimites.com\/index.php?rest_route=\/wp\/v2\/posts\/55986","targetHints":{"allow":["GET"]}}],"collection":[{"href":"https:\/\/noticias-sinlimites.com\/index.php?rest_route=\/wp\/v2\/posts"}],"about":[{"href":"https:\/\/noticias-sinlimites.com\/index.php?rest_route=\/wp\/v2\/types\/post"}],"author":[{"embeddable":true,"href":"https:\/\/noticias-sinlimites.com\/index.php?rest_route=\/wp\/v2\/users\/2"}],"replies":[{"embeddable":true,"href":"https:\/\/noticias-sinlimites.com\/index.php?rest_route=%2Fwp%2Fv2%2Fcomments&post=55986"}],"version-history":[{"count":1,"href":"https:\/\/noticias-sinlimites.com\/index.php?rest_route=\/wp\/v2\/posts\/55986\/revisions"}],"predecessor-version":[{"id":55988,"href":"https:\/\/noticias-sinlimites.com\/index.php?rest_route=\/wp\/v2\/posts\/55986\/revisions\/55988"}],"wp:featuredmedia":[{"embeddable":true,"href":"https:\/\/noticias-sinlimites.com\/index.php?rest_route=\/wp\/v2\/media\/55987"}],"wp:attachment":[{"href":"https:\/\/noticias-sinlimites.com\/index.php?rest_route=%2Fwp%2Fv2%2Fmedia&parent=55986"}],"wp:term":[{"taxonomy":"category","embeddable":true,"href":"https:\/\/noticias-sinlimites.com\/index.php?rest_route=%2Fwp%2Fv2%2Fcategories&post=55986"},{"taxonomy":"post_tag","embeddable":true,"href":"https:\/\/noticias-sinlimites.com\/index.php?rest_route=%2Fwp%2Fv2%2Ftags&post=55986"}],"curies":[{"name":"wp","href":"https:\/\/api.w.org\/{rel}","templated":true}]}}