{"id":57597,"date":"2026-02-02T16:06:42","date_gmt":"2026-02-02T21:06:42","guid":{"rendered":"https:\/\/noticias-sinlimites.com\/?p=57597"},"modified":"2026-02-02T16:06:42","modified_gmt":"2026-02-02T21:06:42","slug":"plaza-san-luis-vacia","status":"publish","type":"post","link":"https:\/\/noticias-sinlimites.com\/?p=57597","title":{"rendered":"PLAZA SAN LUIS VAC\u00cdA"},"content":{"rendered":"<p>San Luis Potos\u00ed, SLP. \u2014 El panorama comercial de la capital potosina sufri\u00f3 un sacudimiento este fin de semana tras el cierre simult\u00e1neo de las tiendas m\u00e1s emblem\u00e1ticas de Grupo Inditex. Las sucursales de Zara, Bershka, Pull&amp;Bear y Massimo Dutti han cesado operaciones en Plaza San Luis, dejando vac\u00edos los locales que durante a\u00f1os fueron el ancla del consumo de moda en la ciudad.<br \/>\nEl fin de una era en el sector retail<br \/>\nLo que para muchos era el punto de encuentro obligado de la \u201cescena potosina\u201d, hoy luce con cortinas cerradas. Este movimiento ha generado una ola de especulaciones entre los consumidores, quienes cuestionan si se trata de una estrategia global de digitalizaci\u00f3n de la firma espa\u00f1ola o de una se\u00f1al de alerta sobre la rentabilidad y flujo de clientes en la plaza comercial.<br \/>\nPuntos clave del cierre:<br \/>\nImpacto visual: Los locales m\u00e1s amplios y codiciados del centro comercial quedan desocupados.<br \/>\nIncertidumbre laboral: Hasta el momento, no se ha emitido un comunicado oficial sobre la reubicaci\u00f3n del personal.<br \/>\nEfecto domin\u00f3: Se teme que el cierre de estas marcas ancla reduzca significativamente la afluencia de visitantes al complejo.<br \/>\n\u00bfCrisis o renovaci\u00f3n?<br \/>\nMientras algunos usuarios en redes sociales lamentan la p\u00e9rdida de estas opciones de compra, calificando el hecho como un retroceso para la oferta comercial de la capital, expertos en retail sugieren que esto abre la puerta a una reestructuraci\u00f3n necesaria del centro comercial para atraer nuevas propuestas.<br \/>\nLa pregunta que queda en el aire para la administraci\u00f3n de Plaza San Luis y para los potosinos es: \u00bfQu\u00e9 marcas tienen el peso suficiente para ocupar estos espacios y revitalizar la plaza?<br \/>\nPLAZA SAN LUIS VAC\u00cdA.<\/p>\n","protected":false},"excerpt":{"rendered":"<p>San Luis Potos\u00ed, SLP. \u2014 El panorama comercial de la capital potosina sufri\u00f3 un sacudimiento&#8230;<\/p>\n","protected":false},"author":2,"featured_media":57598,"comment_status":"closed","ping_status":"closed","sticky":false,"template":"","format":"standard","meta":{"footnotes":""},"categories":[61],"tags":[],"class_list":["post-57597","post","type-post","status-publish","format-standard","has-post-thumbnail","hentry","category-locales"],"featured_image_urls":{"full":["https:\/\/ultimahoraslp.com\/wp-content\/uploads\/2026\/02\/625642908_935942972335164_3493872598174472734_n-225x300.jpg",1920,0,false],"thumbnail":["https:\/\/ultimahoraslp.com\/wp-content\/uploads\/2026\/02\/625642908_935942972335164_3493872598174472734_n-225x300.jpg",150,150,true],"medium":["https:\/\/ultimahoraslp.com\/wp-content\/uploads\/2026\/02\/625642908_935942972335164_3493872598174472734_n-225x300.jpg",300,300,false],"medium_large":["https:\/\/ultimahoraslp.com\/wp-content\/uploads\/2026\/02\/625642908_935942972335164_3493872598174472734_n-225x300.jpg",768,0,false],"large":["https:\/\/ultimahoraslp.com\/wp-content\/uploads\/2026\/02\/625642908_935942972335164_3493872598174472734_n-225x300.jpg",1024,1024,false],"1536x1536":["https:\/\/ultimahoraslp.com\/wp-content\/uploads\/2026\/02\/625642908_935942972335164_3493872598174472734_n-225x300.jpg",1536,1536,false],"2048x2048":["https:\/\/ultimahoraslp.com\/wp-content\/uploads\/2026\/02\/625642908_935942972335164_3493872598174472734_n-225x300.jpg",2048,2048,false],"covernews-slider-full":["https:\/\/ultimahoraslp.com\/wp-content\/uploads\/2026\/02\/625642908_935942972335164_3493872598174472734_n-225x300.jpg",1115,715,true],"covernews-slider-center":["https:\/\/ultimahoraslp.com\/wp-content\/uploads\/2026\/02\/625642908_935942972335164_3493872598174472734_n-225x300.jpg",800,500,true],"covernews-featured":["https:\/\/ultimahoraslp.com\/wp-content\/uploads\/2026\/02\/625642908_935942972335164_3493872598174472734_n-225x300.jpg",1024,0,false],"covernews-medium":["https:\/\/ultimahoraslp.com\/wp-content\/uploads\/2026\/02\/625642908_935942972335164_3493872598174472734_n-225x300.jpg",540,340,true],"covernews-medium-square":["https:\/\/ultimahoraslp.com\/wp-content\/uploads\/2026\/02\/625642908_935942972335164_3493872598174472734_n-225x300.jpg",400,250,true]},"author_info":{"display_name":"Redacci\u00f3n","author_link":"https:\/\/noticias-sinlimites.com\/?author=2"},"category_info":"<a href=\"https:\/\/noticias-sinlimites.com\/?cat=61\" rel=\"category\">Locales<\/a>","tag_info":"Locales","comment_count":"0","_links":{"self":[{"href":"https:\/\/noticias-sinlimites.com\/index.php?rest_route=\/wp\/v2\/posts\/57597","targetHints":{"allow":["GET"]}}],"collection":[{"href":"https:\/\/noticias-sinlimites.com\/index.php?rest_route=\/wp\/v2\/posts"}],"about":[{"href":"https:\/\/noticias-sinlimites.com\/index.php?rest_route=\/wp\/v2\/types\/post"}],"author":[{"embeddable":true,"href":"https:\/\/noticias-sinlimites.com\/index.php?rest_route=\/wp\/v2\/users\/2"}],"replies":[{"embeddable":true,"href":"https:\/\/noticias-sinlimites.com\/index.php?rest_route=%2Fwp%2Fv2%2Fcomments&post=57597"}],"version-history":[{"count":0,"href":"https:\/\/noticias-sinlimites.com\/index.php?rest_route=\/wp\/v2\/posts\/57597\/revisions"}],"wp:featuredmedia":[{"embeddable":true,"href":"https:\/\/noticias-sinlimites.com\/index.php?rest_route=\/wp\/v2\/media\/57598"}],"wp:attachment":[{"href":"https:\/\/noticias-sinlimites.com\/index.php?rest_route=%2Fwp%2Fv2%2Fmedia&parent=57597"}],"wp:term":[{"taxonomy":"category","embeddable":true,"href":"https:\/\/noticias-sinlimites.com\/index.php?rest_route=%2Fwp%2Fv2%2Fcategories&post=57597"},{"taxonomy":"post_tag","embeddable":true,"href":"https:\/\/noticias-sinlimites.com\/index.php?rest_route=%2Fwp%2Fv2%2Ftags&post=57597"}],"curies":[{"name":"wp","href":"https:\/\/api.w.org\/{rel}","templated":true}]}}