{"id":58602,"date":"2026-03-06T17:17:22","date_gmt":"2026-03-06T22:17:22","guid":{"rendered":"https:\/\/noticias-sinlimites.com\/?p=58602"},"modified":"2026-03-06T17:17:22","modified_gmt":"2026-03-06T22:17:22","slug":"por-que-no-juega-kylian-mbappe-en-el-celta-de-vigo-vs-real-madrid-en-laliga","status":"publish","type":"post","link":"https:\/\/noticias-sinlimites.com\/?p=58602","title":{"rendered":"Por qu\u00e9 no juega Kylian Mbapp\u00e9 en el Celta de Vigo vs Real Madrid en LaLiga"},"content":{"rendered":"<p>Kylian Mbapp\u00e9 no fue convocado por el Real Madrid para este compromiso, ante el Celta de Vigo en la Liga de Espa\u00f1a.<br \/>\nKylian Mbapp\u00e9 ser\u00e1 el gran ausente en el partido que afronte esta tarde el Real Madrid ante el Celta de Vigo, con el que inaugurar\u00e1n la jornada 27 de la actual temporada de la Liga de Espa\u00f1a.<br \/>\nEl equipo merengue llegar\u00e1 muy parchado a dicho compromiso, pues tendr\u00e1 10 bajas claves en dicho compromiso, esperando que no afecte en el resultado final.<\/p>\n<p>Portugal <\/p>\n<p>\u00bfPor qu\u00e9 no jugar\u00e1 Kylian Mbapp\u00e9 ante el Celta de Vigo?<br \/>\nLa ausencia espec\u00edfica del delantero merengue se debe a una lesi\u00f3n que trae en la rodilla, misma que lo alejar\u00e1 del terreno de juego unas semanas y hasta podr\u00eda terminar en duda para el Mundial 2026 con la Selecci\u00f3n de Francia.<br \/>\nDonatello tiene un esguince de rodilla, raz\u00f3n por la que no fue convocado para el compromiso ante el Celta de Vigo, siendo una ausencia importante en el equipo merengue.<br \/>\nSi bien no hay una fecha estimada en la que Kylian Mbapp\u00e9 vuelva a los terrenos de juego, ir\u00e1 dependiendo de su evoluci\u00f3n.<\/p>\n<p>26 <\/p>\n<p>\u00bfD\u00f3nde y a qu\u00e9 hora ver el Celta de Vigo vs Real Madrid?<\/p>\n<p>Celta de Vigo vs Real Madrid<br \/>\nFecha:\u00a0Viernes 6 de marzo<br \/>\nHorario:\u00a014:00 horas, tiempo del centro de M\u00e9xico<br \/>\nSede:\u00a0Estadio Abanca Bala\u00eddos<br \/>\nCanales de transmisi\u00f3n en M\u00e9xico:\u00a0Sky Sports<br \/>\nQu\u00e9 se juegan ambos equipos:\u00a0La jornada 27 de la actual temporada de la Liga de Espa\u00f1a.<\/p>\n","protected":false},"excerpt":{"rendered":"<p>Kylian Mbapp\u00e9 no fue convocado por el Real Madrid para este compromiso, ante el Celta&#8230;<\/p>\n","protected":false},"author":2,"featured_media":58603,"comment_status":"closed","ping_status":"closed","sticky":false,"template":"","format":"standard","meta":{"footnotes":""},"categories":[98],"tags":[],"class_list":["post-58602","post","type-post","status-publish","format-standard","has-post-thumbnail","hentry","category-deportes"],"featured_image_urls":{"full":["https:\/\/ultimahoraslp.com\/wp-content\/uploads\/2026\/03\/IMG_1202.webp",1920,0,false],"thumbnail":["https:\/\/ultimahoraslp.com\/wp-content\/uploads\/2026\/03\/IMG_1202.webp",150,150,true],"medium":["https:\/\/ultimahoraslp.com\/wp-content\/uploads\/2026\/03\/IMG_1202.webp",300,300,false],"medium_large":["https:\/\/ultimahoraslp.com\/wp-content\/uploads\/2026\/03\/IMG_1202.webp",768,0,false],"large":["https:\/\/ultimahoraslp.com\/wp-content\/uploads\/2026\/03\/IMG_1202.webp",1024,1024,false],"1536x1536":["https:\/\/ultimahoraslp.com\/wp-content\/uploads\/2026\/03\/IMG_1202.webp",1536,1536,false],"2048x2048":["https:\/\/ultimahoraslp.com\/wp-content\/uploads\/2026\/03\/IMG_1202.webp",2048,2048,false],"covernews-slider-full":["https:\/\/ultimahoraslp.com\/wp-content\/uploads\/2026\/03\/IMG_1202.webp",1115,715,true],"covernews-slider-center":["https:\/\/ultimahoraslp.com\/wp-content\/uploads\/2026\/03\/IMG_1202.webp",800,500,true],"covernews-featured":["https:\/\/ultimahoraslp.com\/wp-content\/uploads\/2026\/03\/IMG_1202.webp",1024,0,false],"covernews-medium":["https:\/\/ultimahoraslp.com\/wp-content\/uploads\/2026\/03\/IMG_1202.webp",540,340,true],"covernews-medium-square":["https:\/\/ultimahoraslp.com\/wp-content\/uploads\/2026\/03\/IMG_1202.webp",400,250,true]},"author_info":{"display_name":"Redacci\u00f3n","author_link":"https:\/\/noticias-sinlimites.com\/?author=2"},"category_info":"<a href=\"https:\/\/noticias-sinlimites.com\/?cat=98\" rel=\"category\">Deportes<\/a>","tag_info":"Deportes","comment_count":"0","_links":{"self":[{"href":"https:\/\/noticias-sinlimites.com\/index.php?rest_route=\/wp\/v2\/posts\/58602","targetHints":{"allow":["GET"]}}],"collection":[{"href":"https:\/\/noticias-sinlimites.com\/index.php?rest_route=\/wp\/v2\/posts"}],"about":[{"href":"https:\/\/noticias-sinlimites.com\/index.php?rest_route=\/wp\/v2\/types\/post"}],"author":[{"embeddable":true,"href":"https:\/\/noticias-sinlimites.com\/index.php?rest_route=\/wp\/v2\/users\/2"}],"replies":[{"embeddable":true,"href":"https:\/\/noticias-sinlimites.com\/index.php?rest_route=%2Fwp%2Fv2%2Fcomments&post=58602"}],"version-history":[{"count":0,"href":"https:\/\/noticias-sinlimites.com\/index.php?rest_route=\/wp\/v2\/posts\/58602\/revisions"}],"wp:featuredmedia":[{"embeddable":true,"href":"https:\/\/noticias-sinlimites.com\/index.php?rest_route=\/wp\/v2\/media\/58603"}],"wp:attachment":[{"href":"https:\/\/noticias-sinlimites.com\/index.php?rest_route=%2Fwp%2Fv2%2Fmedia&parent=58602"}],"wp:term":[{"taxonomy":"category","embeddable":true,"href":"https:\/\/noticias-sinlimites.com\/index.php?rest_route=%2Fwp%2Fv2%2Fcategories&post=58602"},{"taxonomy":"post_tag","embeddable":true,"href":"https:\/\/noticias-sinlimites.com\/index.php?rest_route=%2Fwp%2Fv2%2Ftags&post=58602"}],"curies":[{"name":"wp","href":"https:\/\/api.w.org\/{rel}","templated":true}]}}