{"id":58971,"date":"2026-03-26T23:50:05","date_gmt":"2026-03-27T04:50:05","guid":{"rendered":"https:\/\/noticias-sinlimites.com\/?p=58971"},"modified":"2026-03-26T23:50:05","modified_gmt":"2026-03-27T04:50:05","slug":"villa-de-pozos-comprometido-con-el-medio-ambiente","status":"publish","type":"post","link":"https:\/\/noticias-sinlimites.com\/?p=58971","title":{"rendered":"VILLA DE POZOS COMPROMETIDO CON EL MEDIO AMBIENTE"},"content":{"rendered":"<p>\u2013 Con la meta sembrar 2 mil \u00e1rboles en espacios p\u00fablicos para fortalecer el entorno ambiental y mejorar el bienestar de la poblaci\u00f3n.<br \/>\nEl Gobierno Municipal de Villa de Pozos, a trav\u00e9s de la Direcci\u00f3n de Gesti\u00f3n Ambiental, llev\u00f3 a cabo la primera reforestaci\u00f3n de la temporada, con el objetivo de intervenir \u00e1reas verdes comunes, espacios deportivos y otros puntos del municipio, en beneficio de las y los habitantes, as\u00ed como del medio ambiente.<br \/>\nLa primera jornada se llev\u00f3 a cabo en la colonia Los Silos, la cual estuvo encabezada por la Presidenta Concejal, Paty Aradillas, adem\u00e1s de que se cont\u00f3 con la participaci\u00f3n de la empresa Habi y alumnos de nivel b\u00e1sico, donde se plantaron 30 \u00e1rboles de tres especies: framboy\u00e1n, fresno y pino, para promover desde la ni\u00f1ez la cultura del cuidado ambiental.<br \/>\nAlejandro Leal Espinosa, director de Gesti\u00f3n Ambiental, destac\u00f3 que por indicaciones de la Presidenta Concejal, Paty Aradillas, se dar\u00e1 seguimiento a las solicitudes de reforestaci\u00f3n en distintos puntos del municipio, con una meta de 2 mil \u00e1rboles plantados durante la temporada que comprende de primavera a oto\u00f1o, priorizando \u00e1reas verdes, centros recreativos, escuelas y camellones, adem\u00e1s de invitar a la ciudadan\u00eda a sumarse a estas jornadas.<br \/>\nAsimismo, el titular inform\u00f3 que estas acciones forman parte de una estrategia integral para mejorar el entorno urbano, al tiempo que se impulsa la participaci\u00f3n ciudadana en actividades que contribuyen a un mejor futuro para las nuevas generaciones.<\/p>\n","protected":false},"excerpt":{"rendered":"<p>\u2013 Con la meta sembrar 2 mil \u00e1rboles en espacios p\u00fablicos para fortalecer el entorno&#8230;<\/p>\n","protected":false},"author":2,"featured_media":58972,"comment_status":"closed","ping_status":"closed","sticky":false,"template":"","format":"standard","meta":{"footnotes":""},"categories":[75],"tags":[],"class_list":["post-58971","post","type-post","status-publish","format-standard","has-post-thumbnail","hentry","category-villadepozos"],"featured_image_urls":{"full":["https:\/\/ultimahoraslp.com\/wp-content\/uploads\/2026\/03\/d5dceb74-27fc-4a11-b5e8-8af7f8d04f51-scaled.jpeg",1920,0,false],"thumbnail":["https:\/\/ultimahoraslp.com\/wp-content\/uploads\/2026\/03\/d5dceb74-27fc-4a11-b5e8-8af7f8d04f51-scaled.jpeg",150,150,true],"medium":["https:\/\/ultimahoraslp.com\/wp-content\/uploads\/2026\/03\/d5dceb74-27fc-4a11-b5e8-8af7f8d04f51-scaled.jpeg",300,300,false],"medium_large":["https:\/\/ultimahoraslp.com\/wp-content\/uploads\/2026\/03\/d5dceb74-27fc-4a11-b5e8-8af7f8d04f51-scaled.jpeg",768,0,false],"large":["https:\/\/ultimahoraslp.com\/wp-content\/uploads\/2026\/03\/d5dceb74-27fc-4a11-b5e8-8af7f8d04f51-scaled.jpeg",1024,1024,false],"1536x1536":["https:\/\/ultimahoraslp.com\/wp-content\/uploads\/2026\/03\/d5dceb74-27fc-4a11-b5e8-8af7f8d04f51-scaled.jpeg",1536,1536,false],"2048x2048":["https:\/\/ultimahoraslp.com\/wp-content\/uploads\/2026\/03\/d5dceb74-27fc-4a11-b5e8-8af7f8d04f51-scaled.jpeg",2048,2048,false],"covernews-slider-full":["https:\/\/ultimahoraslp.com\/wp-content\/uploads\/2026\/03\/d5dceb74-27fc-4a11-b5e8-8af7f8d04f51-scaled.jpeg",1115,715,true],"covernews-slider-center":["https:\/\/ultimahoraslp.com\/wp-content\/uploads\/2026\/03\/d5dceb74-27fc-4a11-b5e8-8af7f8d04f51-scaled.jpeg",800,500,true],"covernews-featured":["https:\/\/ultimahoraslp.com\/wp-content\/uploads\/2026\/03\/d5dceb74-27fc-4a11-b5e8-8af7f8d04f51-scaled.jpeg",1024,0,false],"covernews-medium":["https:\/\/ultimahoraslp.com\/wp-content\/uploads\/2026\/03\/d5dceb74-27fc-4a11-b5e8-8af7f8d04f51-scaled.jpeg",540,340,true],"covernews-medium-square":["https:\/\/ultimahoraslp.com\/wp-content\/uploads\/2026\/03\/d5dceb74-27fc-4a11-b5e8-8af7f8d04f51-scaled.jpeg",400,250,true]},"author_info":{"display_name":"Redacci\u00f3n","author_link":"https:\/\/noticias-sinlimites.com\/?author=2"},"category_info":"<a href=\"https:\/\/noticias-sinlimites.com\/?cat=75\" rel=\"category\">VilladePozos<\/a>","tag_info":"VilladePozos","comment_count":"0","_links":{"self":[{"href":"https:\/\/noticias-sinlimites.com\/index.php?rest_route=\/wp\/v2\/posts\/58971","targetHints":{"allow":["GET"]}}],"collection":[{"href":"https:\/\/noticias-sinlimites.com\/index.php?rest_route=\/wp\/v2\/posts"}],"about":[{"href":"https:\/\/noticias-sinlimites.com\/index.php?rest_route=\/wp\/v2\/types\/post"}],"author":[{"embeddable":true,"href":"https:\/\/noticias-sinlimites.com\/index.php?rest_route=\/wp\/v2\/users\/2"}],"replies":[{"embeddable":true,"href":"https:\/\/noticias-sinlimites.com\/index.php?rest_route=%2Fwp%2Fv2%2Fcomments&post=58971"}],"version-history":[{"count":0,"href":"https:\/\/noticias-sinlimites.com\/index.php?rest_route=\/wp\/v2\/posts\/58971\/revisions"}],"wp:featuredmedia":[{"embeddable":true,"href":"https:\/\/noticias-sinlimites.com\/index.php?rest_route=\/wp\/v2\/media\/58972"}],"wp:attachment":[{"href":"https:\/\/noticias-sinlimites.com\/index.php?rest_route=%2Fwp%2Fv2%2Fmedia&parent=58971"}],"wp:term":[{"taxonomy":"category","embeddable":true,"href":"https:\/\/noticias-sinlimites.com\/index.php?rest_route=%2Fwp%2Fv2%2Fcategories&post=58971"},{"taxonomy":"post_tag","embeddable":true,"href":"https:\/\/noticias-sinlimites.com\/index.php?rest_route=%2Fwp%2Fv2%2Ftags&post=58971"}],"curies":[{"name":"wp","href":"https:\/\/api.w.org\/{rel}","templated":true}]}}