{"id":58979,"date":"2026-03-27T20:14:10","date_gmt":"2026-03-28T01:14:10","guid":{"rendered":"https:\/\/noticias-sinlimites.com\/?p=58979"},"modified":"2026-03-31T14:12:13","modified_gmt":"2026-03-31T19:12:13","slug":"informe-de-busqueda-y-localizacion-de-personas-desaparecidas-hay-mas-de-130000-casos-en-mexico","status":"publish","type":"post","link":"https:\/\/noticias-sinlimites.com\/?p=58979","title":{"rendered":"Informe de B\u00fasqueda y Localizaci\u00f3n de Personas Desaparecidas: Hay M\u00e1s de 130,000 Casos en M\u00e9xico"},"content":{"rendered":"<p>En M\u00e9xico, hay m\u00e1s de 130,000 registros de personas desaparecidas, de 2006 a 2026<br \/>\nEl Gobierno de M\u00e9xico present\u00f3 este viernes un informe sobre la estrategia de b\u00fasqueda y localizaci\u00f3n de personas desaparecidas.<br \/>\nEn la conferencia ma\u00f1anera de hoy, 27 de marzo de 2026, la presidenta de M\u00e9xico, Claudia Sheinbaum Pardo, destac\u00f3 -\u201cde manera muy importante- el trabajo que hemos estado haciendo con los colectivos de b\u00fasqueda\u201d y con el Alto Comisionado de Naciones Unidas y su representaci\u00f3n en M\u00e9xico, con quien \u201chay una relaci\u00f3n muy estrecha y hemos estado pidiendo asesor\u00eda, apoyo, y han estado acompa\u00f1ado una buena parte del trabajo\u201d.<br \/>\nLa mandataria mencion\u00f3 que \u201ceste trabajo se le present\u00f3 a varios de los colectivos de desaparecidos, previamente a su presentaci\u00f3n el d\u00eda de hoy, en la ma\u00f1anera\u201d.<br \/>\nSubray\u00f3 que en el caso de los 43 normalistas de Ayotzinapa, \u201clo vamos a tocar aparte, dada la caracter\u00edstica especial de este lamentable hecho y el trabajo que estamos haciendo tambi\u00e9n con las familias\u201d.<br \/>\nLa presidenta Claudia Sheinbaum adelant\u00f3 que se presentar\u00e1 este viernes un informe detallado de la situaci\u00f3n de las personas desaparecidas en M\u00e9xico. pic.twitter.com\/Wu0zRYvq2f<br \/>\n\u2014 NM\u00e1s (@nmas) March 27, 2026<br \/>\nNoticia relacionada:\u00a0Ceci Flores Habla en Exclusiva Para N+ Sobre la Presunta Localizaci\u00f3n de los Restos de su Hijo<br \/>\nMomentos hist\u00f3ricos<br \/>\nF\u00e9lix Arturo Medina, subsecretario de Derechos Humanos, Poblaci\u00f3n y Migraci\u00f3n de la Secretar\u00eda de Gobernaci\u00f3n (Segob), mencion\u00f3 que la desaparici\u00f3n de personas es un delito que se puede separar en 2 momentos hist\u00f3ricos:<\/p>\n<p>La Guerra Sucia: Ocurrida entre las d\u00e9cadas de 1950 y 1990 del Siglo XX, que refieren a la desaparici\u00f3n forzada cometida desde el Estado, ordenada desde las altas esferas del poder pol\u00edtico.<br \/>\nLa guerra contra el narco: Contemplado a partir de la guerra contra el narco, declarada en diciembre de 2006, cuando inici\u00f3 un periodo de desaparici\u00f3n de personas, principalmente con la delincuencia organizada.<\/p>\n<p>Arturo Medina se\u00f1al\u00f3 que luego de los hallazgos en el Rancho Izaguirre, en Jalisco, en 2025, se reforz\u00f3 la capacidad de la Comisi\u00f3n Nacional de B\u00fasqueda (CNB) y se reformaron las leyes de desaparecidos y de poblaci\u00f3n, en coordinaci\u00f3n con los colectivos de b\u00fasqueda de personas.<br \/>\nEn julio de 2025, se reform\u00f3 la ley para fortalecer la b\u00fasqueda de personas desaparecidas que establecen:<\/p>\n<p>La Alerta Nacional de B\u00fasqueda de Personas Desaparecidas.<br \/>\nObligaci\u00f3n de abrir carpetas de investigaci\u00f3n ante el primer reporte de desaparici\u00f3n.<br \/>\nCreaci\u00f3n de la Base Nacional de Carpetas de Investigaci\u00f3n.<br \/>\nCreaci\u00f3n de la Plataforma \u00danica de Identidad.<br \/>\nObligaci\u00f3n de las entidades de contar con fiscal\u00edas especializadas.<br \/>\nEl fortalecimiento del Banco Nacional de Datos Forenses.<br \/>\nRobustecimiento de la Comisi\u00f3n Nacional de B\u00fasqueda\u00a0con especialistas y equipamiento especializado.<br \/>\nTodos los registros deben contar con datos m\u00ednimos de identidad.<br \/>\nCoordinaci\u00f3n entre comisiones de b\u00fasqueda, Fiscal\u00edas estatales y la Fiscal\u00eda General de la Rep\u00fablica (FGR).<br \/>\nIncorporaci\u00f3n de las comisiones estatales, la Comisi\u00f3n Ejecutiva de Atenci\u00f3n a V\u00edctimas (CEAV) al Sistema Nacional de B\u00fasqueda.<\/p>\n<p>\u00a0<br \/>\n\u00bfCu\u00e1ntas personas han desaparecido en M\u00e9xico?<br \/>\nDe acuerdo con el Registro Nacional de Personas Desaparecidas y No Localizadas, de 1952 a 2026, existe un total de 394,695 casos, de las cuales, 132,534 corresponden a personas desaparecidas y 262,111, a personas localizadas, detall\u00f3 Marcela Figueroa, titular del Secretariado Ejecutivo del Sistema Nacional de Seguridad P\u00fablica.<\/p>\n<p>En M\u00e9xico, hay 130,178 registros de personas que contin\u00faan con estatus desaparecido, de 2006 a 2026.<br \/>\nEl 36% del total, 46,742 casos,\u00a0no tienen datos suficientes para la b\u00fasqueda como nombre, sexo, fecha de nacimiento, contexto de la desaparici\u00f3n, fecha o lugar de los hechos.<br \/>\nEl 31%, 40,308 casos,\u00a0tienen datos suficientes para la b\u00fasqueda y registraron actividades despu\u00e9s de su fecha de desaparici\u00f3n como matrimonio, alta en el\u00a0Servicio de Administraci\u00f3n Tributaria (SAT) y cambios de domicilio en el instituto Nacional Electoral (INE); actualmente, la autoridad est\u00e1 en proceso de confirmar y formalizar su localizaci\u00f3n.<br \/>\nEl 33%, 43,128 casos,\u00a0son registros con datos completo\u00a0para la b\u00fasqueda, de los cuales,\u00a0a\u00fan no se han encontrado actividades recientes o tr\u00e1mites realizados ante instituciones, de estos, solo 3,869 cuentan con carpeta de investigaci\u00f3n.<br \/>\nDe cada 100 personas reportadas como desaparecidas en un mes, 66 son localizadas, en promedio.<br \/>\nDel total, 92 de cada 100 son localizadas con vida.<br \/>\nEn 96 de cada 100 casos, la localizaci\u00f3n no est\u00e1 asociada a la comisi\u00f3n de un delito.<br \/>\nDe octubre de 2024 a la fecha, 31,946 personas han sido localizadas.<\/p>\n<p>\u201cSeguiremos buscando a todas las personas desaparecidas, hasta encontrarlas\u201d, afirm\u00f3\u00a0Marcela Figueroa.<br \/>\nMarcela Figueroa, titular del Secretariado Ejecutivo del Sistema Nacional de Seguridad P\u00fablica, inform\u00f3 que la Comisi\u00f3n Nacional de B\u00fasqueda ha registrado 394,645 casos de personas desaparecidas, de 1952 a la fecha, de las cuales 262,111 han sido localizadas, 92% de ellas con\u2026 pic.twitter.com\/LREKGfLRR9<br \/>\n\u2014 NM\u00e1s (@nmas) March 27, 2026<\/p>\n","protected":false},"excerpt":{"rendered":"<p>En M\u00e9xico, hay m\u00e1s de 130,000 registros de personas desaparecidas, de 2006 a 2026 El&#8230;<\/p>\n","protected":false},"author":2,"featured_media":58980,"comment_status":"closed","ping_status":"closed","sticky":false,"template":"","format":"standard","meta":{"footnotes":""},"categories":[4,22],"tags":[],"class_list":["post-58979","post","type-post","status-publish","format-standard","has-post-thumbnail","hentry","category-nacional","category-sin-limites"],"featured_image_urls":{"full":["https:\/\/ultimahoraslp.com\/wp-content\/uploads\/2026\/03\/IMG_1797.jpeg",1920,0,false],"thumbnail":["https:\/\/ultimahoraslp.com\/wp-content\/uploads\/2026\/03\/IMG_1797.jpeg",150,150,true],"medium":["https:\/\/ultimahoraslp.com\/wp-content\/uploads\/2026\/03\/IMG_1797.jpeg",300,300,false],"medium_large":["https:\/\/ultimahoraslp.com\/wp-content\/uploads\/2026\/03\/IMG_1797.jpeg",768,0,false],"large":["https:\/\/ultimahoraslp.com\/wp-content\/uploads\/2026\/03\/IMG_1797.jpeg",1024,1024,false],"1536x1536":["https:\/\/ultimahoraslp.com\/wp-content\/uploads\/2026\/03\/IMG_1797.jpeg",1536,1536,false],"2048x2048":["https:\/\/ultimahoraslp.com\/wp-content\/uploads\/2026\/03\/IMG_1797.jpeg",2048,2048,false],"covernews-slider-full":["https:\/\/ultimahoraslp.com\/wp-content\/uploads\/2026\/03\/IMG_1797.jpeg",1115,715,true],"covernews-slider-center":["https:\/\/ultimahoraslp.com\/wp-content\/uploads\/2026\/03\/IMG_1797.jpeg",800,500,true],"covernews-featured":["https:\/\/ultimahoraslp.com\/wp-content\/uploads\/2026\/03\/IMG_1797.jpeg",1024,0,false],"covernews-medium":["https:\/\/ultimahoraslp.com\/wp-content\/uploads\/2026\/03\/IMG_1797.jpeg",540,340,true],"covernews-medium-square":["https:\/\/ultimahoraslp.com\/wp-content\/uploads\/2026\/03\/IMG_1797.jpeg",400,250,true]},"author_info":{"display_name":"Redacci\u00f3n","author_link":"https:\/\/noticias-sinlimites.com\/?author=2"},"category_info":"<a href=\"https:\/\/noticias-sinlimites.com\/?cat=4\" rel=\"category\">Nacional<\/a> <a href=\"https:\/\/noticias-sinlimites.com\/?cat=22\" rel=\"category\">Sin L\u00edmites<\/a>","tag_info":"Sin L\u00edmites","comment_count":"0","_links":{"self":[{"href":"https:\/\/noticias-sinlimites.com\/index.php?rest_route=\/wp\/v2\/posts\/58979","targetHints":{"allow":["GET"]}}],"collection":[{"href":"https:\/\/noticias-sinlimites.com\/index.php?rest_route=\/wp\/v2\/posts"}],"about":[{"href":"https:\/\/noticias-sinlimites.com\/index.php?rest_route=\/wp\/v2\/types\/post"}],"author":[{"embeddable":true,"href":"https:\/\/noticias-sinlimites.com\/index.php?rest_route=\/wp\/v2\/users\/2"}],"replies":[{"embeddable":true,"href":"https:\/\/noticias-sinlimites.com\/index.php?rest_route=%2Fwp%2Fv2%2Fcomments&post=58979"}],"version-history":[{"count":1,"href":"https:\/\/noticias-sinlimites.com\/index.php?rest_route=\/wp\/v2\/posts\/58979\/revisions"}],"predecessor-version":[{"id":59053,"href":"https:\/\/noticias-sinlimites.com\/index.php?rest_route=\/wp\/v2\/posts\/58979\/revisions\/59053"}],"wp:featuredmedia":[{"embeddable":true,"href":"https:\/\/noticias-sinlimites.com\/index.php?rest_route=\/wp\/v2\/media\/58980"}],"wp:attachment":[{"href":"https:\/\/noticias-sinlimites.com\/index.php?rest_route=%2Fwp%2Fv2%2Fmedia&parent=58979"}],"wp:term":[{"taxonomy":"category","embeddable":true,"href":"https:\/\/noticias-sinlimites.com\/index.php?rest_route=%2Fwp%2Fv2%2Fcategories&post=58979"},{"taxonomy":"post_tag","embeddable":true,"href":"https:\/\/noticias-sinlimites.com\/index.php?rest_route=%2Fwp%2Fv2%2Ftags&post=58979"}],"curies":[{"name":"wp","href":"https:\/\/api.w.org\/{rel}","templated":true}]}}