{"id":58993,"date":"2026-03-28T00:37:56","date_gmt":"2026-03-28T05:37:56","guid":{"rendered":"https:\/\/noticias-sinlimites.com\/?p=58993"},"modified":"2026-03-31T14:12:13","modified_gmt":"2026-03-31T19:12:13","slug":"villa-de-pozos-honra-sus-tradiciones-con-la-inauguracion-del-altar-de-dolores","status":"publish","type":"post","link":"https:\/\/noticias-sinlimites.com\/?p=58993","title":{"rendered":"VILLA DE POZOS HONRA SUS TRADICIONES CON LA INAUGURACI\u00d3N DEL ALTAR DE DOLORES"},"content":{"rendered":"<p>\u2013Se llev\u00f3 a cabo la inauguraci\u00f3n del tradicional Altar de Dolores que forma parte las expresiones culturales de Semana Santa que distingue a Villa de Pozos.<br \/>\nEn el marco de actividades de Semana Santa en el municipio de Villa de Pozos, la Presidenta Concejal, Paty Aradillas, inauguro el Altar de Dolores, una de las tradiciones m\u00e1s importantes y representativas de identidad cultural de la regi\u00f3n, impulsadas por la direcci\u00f3n de Cultura, que resalta el valor fundamental de esta expresi\u00f3n que se ha transmitido de generaci\u00f3n en generaci\u00f3n.<br \/>\nLa ceremonia se llev\u00f3 a cabo en la cabecera municipal, dentro de las instalaciones de la biblioteca municipal \u201cDr. Francisco de As\u00eds Castro\u201d, donde se acondicion\u00f3 un entorno especial para resaltar los elementos caracter\u00edsticos del altar: flores, papel picado, veladoras y representaciones simb\u00f3licas que evocan el dolor de la Virgen Mar\u00eda, en una muestra viva de la riqueza cultural que distingue a Villa de Pozos.<br \/>\nDurante el evento, se destac\u00f3 la importancia de preservar las manifestaciones que forman parte del patrimonio intangible del municipio, ya que fortalecen la identidad, el sentido de pertenencia y el orgullo de las y los habitantes. Adem\u00e1s, como parte de esta tradici\u00f3n, se realiz\u00f3 la entrega de agua de sabor y alimentos a la ciudadan\u00eda, fomentando la convivencia y el compartir comunitario que caracteriza estas celebraciones.<br \/>\nComo parte de esta celebraci\u00f3n, la presidenta concejal tambi\u00e9n inaugur\u00f3 un altar simb\u00f3lico en las instalaciones del Antiguo Rastro Municipal, ampliando as\u00ed los espacios de encuentro y convivencia familiar. Con estas acciones, el Gobierno Municipal reafirma su compromiso de mantener vivas las tradiciones que honran las ra\u00edces de Villa de Pozos y enriquecen el tejido social en un ambiente de respeto, cultura y significado.<\/p>\n","protected":false},"excerpt":{"rendered":"<p>\u2013Se llev\u00f3 a cabo la inauguraci\u00f3n del tradicional Altar de Dolores que forma parte las&#8230;<\/p>\n","protected":false},"author":2,"featured_media":58994,"comment_status":"closed","ping_status":"closed","sticky":false,"template":"","format":"standard","meta":{"footnotes":""},"categories":[22,75],"tags":[],"class_list":["post-58993","post","type-post","status-publish","format-standard","has-post-thumbnail","hentry","category-sin-limites","category-villadepozos"],"featured_image_urls":{"full":["https:\/\/ultimahoraslp.com\/wp-content\/uploads\/2026\/03\/9ce5428c-ba9f-4e7d-b5d6-33af9cecb9ec-scaled.jpeg",1920,0,false],"thumbnail":["https:\/\/ultimahoraslp.com\/wp-content\/uploads\/2026\/03\/9ce5428c-ba9f-4e7d-b5d6-33af9cecb9ec-scaled.jpeg",150,150,true],"medium":["https:\/\/ultimahoraslp.com\/wp-content\/uploads\/2026\/03\/9ce5428c-ba9f-4e7d-b5d6-33af9cecb9ec-scaled.jpeg",300,300,false],"medium_large":["https:\/\/ultimahoraslp.com\/wp-content\/uploads\/2026\/03\/9ce5428c-ba9f-4e7d-b5d6-33af9cecb9ec-scaled.jpeg",768,0,false],"large":["https:\/\/ultimahoraslp.com\/wp-content\/uploads\/2026\/03\/9ce5428c-ba9f-4e7d-b5d6-33af9cecb9ec-scaled.jpeg",1024,1024,false],"1536x1536":["https:\/\/ultimahoraslp.com\/wp-content\/uploads\/2026\/03\/9ce5428c-ba9f-4e7d-b5d6-33af9cecb9ec-scaled.jpeg",1536,1536,false],"2048x2048":["https:\/\/ultimahoraslp.com\/wp-content\/uploads\/2026\/03\/9ce5428c-ba9f-4e7d-b5d6-33af9cecb9ec-scaled.jpeg",2048,2048,false],"covernews-slider-full":["https:\/\/ultimahoraslp.com\/wp-content\/uploads\/2026\/03\/9ce5428c-ba9f-4e7d-b5d6-33af9cecb9ec-scaled.jpeg",1115,715,true],"covernews-slider-center":["https:\/\/ultimahoraslp.com\/wp-content\/uploads\/2026\/03\/9ce5428c-ba9f-4e7d-b5d6-33af9cecb9ec-scaled.jpeg",800,500,true],"covernews-featured":["https:\/\/ultimahoraslp.com\/wp-content\/uploads\/2026\/03\/9ce5428c-ba9f-4e7d-b5d6-33af9cecb9ec-scaled.jpeg",1024,0,false],"covernews-medium":["https:\/\/ultimahoraslp.com\/wp-content\/uploads\/2026\/03\/9ce5428c-ba9f-4e7d-b5d6-33af9cecb9ec-scaled.jpeg",540,340,true],"covernews-medium-square":["https:\/\/ultimahoraslp.com\/wp-content\/uploads\/2026\/03\/9ce5428c-ba9f-4e7d-b5d6-33af9cecb9ec-scaled.jpeg",400,250,true]},"author_info":{"display_name":"Redacci\u00f3n","author_link":"https:\/\/noticias-sinlimites.com\/?author=2"},"category_info":"<a href=\"https:\/\/noticias-sinlimites.com\/?cat=22\" rel=\"category\">Sin L\u00edmites<\/a> <a href=\"https:\/\/noticias-sinlimites.com\/?cat=75\" rel=\"category\">VilladePozos<\/a>","tag_info":"VilladePozos","comment_count":"0","_links":{"self":[{"href":"https:\/\/noticias-sinlimites.com\/index.php?rest_route=\/wp\/v2\/posts\/58993","targetHints":{"allow":["GET"]}}],"collection":[{"href":"https:\/\/noticias-sinlimites.com\/index.php?rest_route=\/wp\/v2\/posts"}],"about":[{"href":"https:\/\/noticias-sinlimites.com\/index.php?rest_route=\/wp\/v2\/types\/post"}],"author":[{"embeddable":true,"href":"https:\/\/noticias-sinlimites.com\/index.php?rest_route=\/wp\/v2\/users\/2"}],"replies":[{"embeddable":true,"href":"https:\/\/noticias-sinlimites.com\/index.php?rest_route=%2Fwp%2Fv2%2Fcomments&post=58993"}],"version-history":[{"count":1,"href":"https:\/\/noticias-sinlimites.com\/index.php?rest_route=\/wp\/v2\/posts\/58993\/revisions"}],"predecessor-version":[{"id":59051,"href":"https:\/\/noticias-sinlimites.com\/index.php?rest_route=\/wp\/v2\/posts\/58993\/revisions\/59051"}],"wp:featuredmedia":[{"embeddable":true,"href":"https:\/\/noticias-sinlimites.com\/index.php?rest_route=\/wp\/v2\/media\/58994"}],"wp:attachment":[{"href":"https:\/\/noticias-sinlimites.com\/index.php?rest_route=%2Fwp%2Fv2%2Fmedia&parent=58993"}],"wp:term":[{"taxonomy":"category","embeddable":true,"href":"https:\/\/noticias-sinlimites.com\/index.php?rest_route=%2Fwp%2Fv2%2Fcategories&post=58993"},{"taxonomy":"post_tag","embeddable":true,"href":"https:\/\/noticias-sinlimites.com\/index.php?rest_route=%2Fwp%2Fv2%2Ftags&post=58993"}],"curies":[{"name":"wp","href":"https:\/\/api.w.org\/{rel}","templated":true}]}}