{"id":59109,"date":"2026-03-31T23:58:34","date_gmt":"2026-04-01T04:58:34","guid":{"rendered":"https:\/\/noticias-sinlimites.com\/?p=59109"},"modified":"2026-03-31T23:58:34","modified_gmt":"2026-04-01T04:58:34","slug":"musica-sacra-envuelve-de-espiritualidad-a-villa-de-pozos","status":"publish","type":"post","link":"https:\/\/noticias-sinlimites.com\/?p=59109","title":{"rendered":"M\u00daSICA SACRA ENVUELVE DE ESPIRITUALIDAD A VILLA DE POZOS"},"content":{"rendered":"<p>Se llev\u00f3 a cabo con gran \u00e9xito el Concierto de M\u00fasica Sacra \u201cRequiem W.A. Mozart\u201d<br \/>\nEntre notas solemnes y un ambiente de profunda reflexi\u00f3n, el Templo de San Francisco de As\u00eds se llen\u00f3 de armon\u00eda con el Concierto de M\u00fasica Sacra \u201cRequiem W.A. Mozart\u201d, una velada que logr\u00f3 envolver a las y los asistentes en una experiencia cargada de espiritualidad, como parte de las actividades impulsadas para esta Semana Santa, por el Gobierno Municipal de Villa de Pozos a trav\u00e9s de la Direcci\u00f3n de Cultura.<br \/>\nLas voces del Coro de la Escuela Estatal de M\u00fasica \u201cJuli\u00e1n Carrillo\u201d, Coro Crescendo y Coral del Potos\u00ed resonaron en cada rinc\u00f3n del recinto, cautivando a los asistentes con interpretaciones que transmitieron emoci\u00f3n y recogimiento, generando una conexi\u00f3n especial entre la m\u00fasica y quienes se dieron cita para disfrutar de este evento.<br \/>\nFamilias poce\u00f1as y visitantes compartieron este espacio en un ambiente de respeto y contemplaci\u00f3n, donde la m\u00fasica sacra se convirti\u00f3 en un punto de encuentro que enaltece las tradiciones y fortalece el sentido de comunidad durante la temporada de Semana Santa.<br \/>\nLa tiutlar de Cultura Municipal, Cecilia Uribe Rodr\u00edguez destac\u00f3 que este tipo de actividades reafirman el valor de la cultura como un elemento que une, inspira y da identidad, al tiempo que abren espacios para que la ciudadan\u00eda viva y disfrute de expresiones art\u00edsticas de gran calidad en un entorno de armon\u00eda y tradici\u00f3n.<\/p>\n","protected":false},"excerpt":{"rendered":"<p>Se llev\u00f3 a cabo con gran \u00e9xito el Concierto de M\u00fasica Sacra \u201cRequiem W.A. Mozart\u201d&#8230;<\/p>\n","protected":false},"author":2,"featured_media":59110,"comment_status":"closed","ping_status":"closed","sticky":false,"template":"","format":"standard","meta":{"footnotes":""},"categories":[75],"tags":[],"class_list":["post-59109","post","type-post","status-publish","format-standard","has-post-thumbnail","hentry","category-villadepozos"],"featured_image_urls":{"full":["https:\/\/ultimahoraslp.com\/wp-content\/uploads\/2026\/03\/f33d964f-4788-4f31-844e-5d7fad57ea6d-scaled.jpeg",1920,0,false],"thumbnail":["https:\/\/ultimahoraslp.com\/wp-content\/uploads\/2026\/03\/f33d964f-4788-4f31-844e-5d7fad57ea6d-scaled.jpeg",150,150,true],"medium":["https:\/\/ultimahoraslp.com\/wp-content\/uploads\/2026\/03\/f33d964f-4788-4f31-844e-5d7fad57ea6d-scaled.jpeg",300,300,false],"medium_large":["https:\/\/ultimahoraslp.com\/wp-content\/uploads\/2026\/03\/f33d964f-4788-4f31-844e-5d7fad57ea6d-scaled.jpeg",768,0,false],"large":["https:\/\/ultimahoraslp.com\/wp-content\/uploads\/2026\/03\/f33d964f-4788-4f31-844e-5d7fad57ea6d-scaled.jpeg",1024,1024,false],"1536x1536":["https:\/\/ultimahoraslp.com\/wp-content\/uploads\/2026\/03\/f33d964f-4788-4f31-844e-5d7fad57ea6d-scaled.jpeg",1536,1536,false],"2048x2048":["https:\/\/ultimahoraslp.com\/wp-content\/uploads\/2026\/03\/f33d964f-4788-4f31-844e-5d7fad57ea6d-scaled.jpeg",2048,2048,false],"covernews-slider-full":["https:\/\/ultimahoraslp.com\/wp-content\/uploads\/2026\/03\/f33d964f-4788-4f31-844e-5d7fad57ea6d-scaled.jpeg",1115,715,true],"covernews-slider-center":["https:\/\/ultimahoraslp.com\/wp-content\/uploads\/2026\/03\/f33d964f-4788-4f31-844e-5d7fad57ea6d-scaled.jpeg",800,500,true],"covernews-featured":["https:\/\/ultimahoraslp.com\/wp-content\/uploads\/2026\/03\/f33d964f-4788-4f31-844e-5d7fad57ea6d-scaled.jpeg",1024,0,false],"covernews-medium":["https:\/\/ultimahoraslp.com\/wp-content\/uploads\/2026\/03\/f33d964f-4788-4f31-844e-5d7fad57ea6d-scaled.jpeg",540,340,true],"covernews-medium-square":["https:\/\/ultimahoraslp.com\/wp-content\/uploads\/2026\/03\/f33d964f-4788-4f31-844e-5d7fad57ea6d-scaled.jpeg",400,250,true]},"author_info":{"display_name":"Redacci\u00f3n","author_link":"https:\/\/noticias-sinlimites.com\/?author=2"},"category_info":"<a href=\"https:\/\/noticias-sinlimites.com\/?cat=75\" rel=\"category\">VilladePozos<\/a>","tag_info":"VilladePozos","comment_count":"0","_links":{"self":[{"href":"https:\/\/noticias-sinlimites.com\/index.php?rest_route=\/wp\/v2\/posts\/59109","targetHints":{"allow":["GET"]}}],"collection":[{"href":"https:\/\/noticias-sinlimites.com\/index.php?rest_route=\/wp\/v2\/posts"}],"about":[{"href":"https:\/\/noticias-sinlimites.com\/index.php?rest_route=\/wp\/v2\/types\/post"}],"author":[{"embeddable":true,"href":"https:\/\/noticias-sinlimites.com\/index.php?rest_route=\/wp\/v2\/users\/2"}],"replies":[{"embeddable":true,"href":"https:\/\/noticias-sinlimites.com\/index.php?rest_route=%2Fwp%2Fv2%2Fcomments&post=59109"}],"version-history":[{"count":0,"href":"https:\/\/noticias-sinlimites.com\/index.php?rest_route=\/wp\/v2\/posts\/59109\/revisions"}],"wp:featuredmedia":[{"embeddable":true,"href":"https:\/\/noticias-sinlimites.com\/index.php?rest_route=\/wp\/v2\/media\/59110"}],"wp:attachment":[{"href":"https:\/\/noticias-sinlimites.com\/index.php?rest_route=%2Fwp%2Fv2%2Fmedia&parent=59109"}],"wp:term":[{"taxonomy":"category","embeddable":true,"href":"https:\/\/noticias-sinlimites.com\/index.php?rest_route=%2Fwp%2Fv2%2Fcategories&post=59109"},{"taxonomy":"post_tag","embeddable":true,"href":"https:\/\/noticias-sinlimites.com\/index.php?rest_route=%2Fwp%2Fv2%2Ftags&post=59109"}],"curies":[{"name":"wp","href":"https:\/\/api.w.org\/{rel}","templated":true}]}}