{"id":611,"date":"2022-05-11T16:27:18","date_gmt":"2022-05-11T21:27:18","guid":{"rendered":"https:\/\/noticiassinlimites.com\/?p=611"},"modified":"2022-05-11T16:27:18","modified_gmt":"2022-05-11T21:27:18","slug":"otro-mas-ari-borovoy-de-ov7-quiere-ser-diputado","status":"publish","type":"post","link":"https:\/\/noticias-sinlimites.com\/?p=611","title":{"rendered":"\u00a1Otro m\u00e1s! Ari Borovoy de OV7 quiere ser diputado"},"content":{"rendered":"<p class=\"p_0\">El cantante del grupo mexicano OV7, Ari Borovoy, anunci\u00f3 su intenci\u00f3n de buscar una diputaci\u00f3n en los procesos electorales que se llevar\u00e1n a cabo durante 2022 en el pa\u00eds. \u201cContender\u00e9 para diputado este a\u00f1o\u201d, mencion\u00f3 en un video difundido en sus redes sociales.<\/p>\n<p class=\"p_1\"><i>\u201cEn mi vida y en mi trayectoria he representado muchos talentos, pero hoy quiero representarte a ti como ciudadano. Espero contar contigo, cada like, cada comentario positivo o negativo, cada mensaje que compartas ser\u00e1 un paso m\u00e1s para consolidar nuestra meta juntos\u201d, <\/i>mencion\u00f3, al tiempo que invit\u00f3 a sus seguidores a unirse al \u2018hashtag\u2019 #AriDiputado.<\/p>\n<p class=\"p_2\">Adem\u00e1s, dio a conocer la que ser\u00e1 su frase de campa\u00f1a<i>: \u201cAri Borovoy, contigo yo s\u00ed voy\u201d.<\/i><\/p>\n<p class=\"p_3\">El tambi\u00e9n director de la compa\u00f1\u00eda BoBo producciones, agradeci\u00f3 a sus seguidores el respaldo que le han brindado durante sus 33 a\u00f1os de carrera. El cantante tiene previsto participar en septiembre en la gira por el 30 aniversario del grupo OV7.<i><b><\/b><\/i><\/p>\n<p class=\"p_5\"><i>\u201cDesde que tengo uso de raz\u00f3n mis padres me han ense\u00f1ado a perseguir mis sue\u00f1os, mis metas, pero sobre todo me han ense\u00f1ado que nada es imposible en esta vida. Este d\u00eda es uno de los m\u00e1s importantes de toda mi carrera\u201d,<\/i> asegur\u00f3 en el video.<\/p>\n<p class=\"p_6\"><i>\u201cMe conoces como artista, me conoces como actor, me conoces como productor, me conoces como manager. Sin embargo, el d\u00eda de hoy he tomado la decisi\u00f3n de participar en un nuevo reto para m\u00ed y me gustar\u00eda invitarte a que me acompa\u00f1es como lo has hecho en los m\u00e1s de 30 a\u00f1os de carrera que me conoces\u201d<\/i>, asegur\u00f3.<\/p>\n","protected":false},"excerpt":{"rendered":"<p>El cantante del grupo mexicano OV7, Ari Borovoy, anunci\u00f3 su intenci\u00f3n de buscar una diputaci\u00f3n&#8230;<\/p>\n","protected":false},"author":2,"featured_media":612,"comment_status":"open","ping_status":"open","sticky":false,"template":"","format":"standard","meta":{"footnotes":""},"categories":[6],"tags":[],"class_list":["post-611","post","type-post","status-publish","format-standard","has-post-thumbnail","hentry","category-espectaculos"],"featured_image_urls":{"full":["https:\/\/noticias-sinlimites.com\/wp-content\/uploads\/2022\/05\/ari_borovoy_diputado_.jpg",1201,740,false],"thumbnail":["https:\/\/noticias-sinlimites.com\/wp-content\/uploads\/2022\/05\/ari_borovoy_diputado_-150x150.jpg",150,150,true],"medium":["https:\/\/noticias-sinlimites.com\/wp-content\/uploads\/2022\/05\/ari_borovoy_diputado_-300x185.jpg",300,185,true],"medium_large":["https:\/\/noticias-sinlimites.com\/wp-content\/uploads\/2022\/05\/ari_borovoy_diputado_-768x473.jpg",640,394,true],"large":["https:\/\/noticias-sinlimites.com\/wp-content\/uploads\/2022\/05\/ari_borovoy_diputado_-1024x631.jpg",640,394,true],"1536x1536":["https:\/\/noticias-sinlimites.com\/wp-content\/uploads\/2022\/05\/ari_borovoy_diputado_.jpg",1201,740,false],"2048x2048":["https:\/\/noticias-sinlimites.com\/wp-content\/uploads\/2022\/05\/ari_borovoy_diputado_.jpg",1201,740,false],"covernews-slider-full":["https:\/\/noticias-sinlimites.com\/wp-content\/uploads\/2022\/05\/ari_borovoy_diputado_.jpg",1115,687,false],"covernews-slider-center":["https:\/\/noticias-sinlimites.com\/wp-content\/uploads\/2022\/05\/ari_borovoy_diputado_.jpg",800,493,false],"covernews-featured":["https:\/\/noticias-sinlimites.com\/wp-content\/uploads\/2022\/05\/ari_borovoy_diputado_.jpg",1024,631,false],"covernews-medium":["https:\/\/noticias-sinlimites.com\/wp-content\/uploads\/2022\/05\/ari_borovoy_diputado_.jpg",540,333,false],"covernews-medium-square":["https:\/\/noticias-sinlimites.com\/wp-content\/uploads\/2022\/05\/ari_borovoy_diputado_.jpg",400,246,false]},"author_info":{"display_name":"Redacci\u00f3n","author_link":"https:\/\/noticias-sinlimites.com\/?author=2"},"category_info":"<a href=\"https:\/\/noticias-sinlimites.com\/?cat=6\" rel=\"category\">Espect\u00e1culos<\/a>","tag_info":"Espect\u00e1culos","comment_count":"0","_links":{"self":[{"href":"https:\/\/noticias-sinlimites.com\/index.php?rest_route=\/wp\/v2\/posts\/611","targetHints":{"allow":["GET"]}}],"collection":[{"href":"https:\/\/noticias-sinlimites.com\/index.php?rest_route=\/wp\/v2\/posts"}],"about":[{"href":"https:\/\/noticias-sinlimites.com\/index.php?rest_route=\/wp\/v2\/types\/post"}],"author":[{"embeddable":true,"href":"https:\/\/noticias-sinlimites.com\/index.php?rest_route=\/wp\/v2\/users\/2"}],"replies":[{"embeddable":true,"href":"https:\/\/noticias-sinlimites.com\/index.php?rest_route=%2Fwp%2Fv2%2Fcomments&post=611"}],"version-history":[{"count":1,"href":"https:\/\/noticias-sinlimites.com\/index.php?rest_route=\/wp\/v2\/posts\/611\/revisions"}],"predecessor-version":[{"id":613,"href":"https:\/\/noticias-sinlimites.com\/index.php?rest_route=\/wp\/v2\/posts\/611\/revisions\/613"}],"wp:featuredmedia":[{"embeddable":true,"href":"https:\/\/noticias-sinlimites.com\/index.php?rest_route=\/wp\/v2\/media\/612"}],"wp:attachment":[{"href":"https:\/\/noticias-sinlimites.com\/index.php?rest_route=%2Fwp%2Fv2%2Fmedia&parent=611"}],"wp:term":[{"taxonomy":"category","embeddable":true,"href":"https:\/\/noticias-sinlimites.com\/index.php?rest_route=%2Fwp%2Fv2%2Fcategories&post=611"},{"taxonomy":"post_tag","embeddable":true,"href":"https:\/\/noticias-sinlimites.com\/index.php?rest_route=%2Fwp%2Fv2%2Ftags&post=611"}],"curies":[{"name":"wp","href":"https:\/\/api.w.org\/{rel}","templated":true}]}}