{"id":61153,"date":"2026-08-31T00:02:48","date_gmt":"2026-08-31T05:02:48","guid":{"rendered":"https:\/\/noticias-sinlimites.com\/?p=61153"},"modified":"2026-08-31T00:02:48","modified_gmt":"2026-08-31T05:02:48","slug":"soledad-presenta-y-cautiva-a-visitantes-en-la-fenapo-con-apasionados-del-danzon","status":"publish","type":"post","link":"https:\/\/noticias-sinlimites.com\/?p=61153","title":{"rendered":"SOLEDAD PRESENTA Y CAUTIVA A VISITANTES EN LA FENAPO CON APASIONADOS DEL DANZ\u00d3N"},"content":{"rendered":"<div>\n<p style=\"text-align: justify;\">\u2013 Este s\u00e1bado, el grupo soledense encant\u00f3 a miles de visitantes que disfrutaron de elegancia, cadencia y mucho ritmo, durante horas, en el stand ubicado en el pabell\u00f3n #1.<\/p>\n<p>En sus \u00faltimos d\u00edas de actividad, el stand tur\u00edstico del municipio de Soledad de Graciano S\u00e1nchez sigue cautivando a las y los miles de visitantes de la Feria Nacional Potosina (FENAPO) 2026, con su cultura, arte, gastronom\u00eda y tradici\u00f3n; este s\u00e1bado, el grupo Apasionados del Danz\u00f3n encant\u00f3 a todos quienes visitaron el pabell\u00f3n 1 del recinto ferial, con una demostraci\u00f3n que dej\u00f3 cadencia, elegancia, ritmo y orgullo local.<\/p>\n<p style=\"text-align: justify;\">Las y los integrantes de Apasionados del Danz\u00f3n -grupo de identidad soledense, que ha pisado escenarios nacionales con su talento- llegaron con total energ\u00eda para atrapar a familias enteras que atestiguaron el poder de este g\u00e9nero tradicional de baile, que a pesar de los a\u00f1os sigue apropi\u00e1ndose del gusto de las personas.<\/p>\n<p style=\"text-align: justify;\">El titular de Turismo Municipal, Felipe C\u00e1rdenas Quibrera destac\u00f3 la ponencia musical y de baile que dej\u00f3 esta gran presentaci\u00f3n, mencionando que el grupo supo aprovechar el espacio de promoci\u00f3n tur\u00edstica de Soledad para llegar al conocimiento de miles de visitantes a la m\u00e1xima fiesta ferial potosina. \u201cFue una oportunidad para llegar a m\u00e1s personas, quienes disfrutan y quienes no conocen que Soledad tiene su propio grupo de Danz\u00f3n; presumimos parte del legado cultural que tiene Soledad\u201d.<\/p>\n<p style=\"text-align: justify;\">Mencion\u00f3 que el stand tur\u00edstico de Soledad fue un escaparate sin l\u00edmites gastron\u00f3mico, cultural, hist\u00f3rico y arquitect\u00f3nico, en el que durante 25 d\u00edas de FENAPO, se dieron a conocer todas las bondades tur\u00edsticas con las que cuenta el municipio soledense, atrayendo a nuevos intereses de personas que han visitado, pero no disfrutado la riqueza del municipio.<\/p>\n<p style=\"text-align: justify;\">\u201cNos hemos llevado gratas sorpresas de visitantes en la Feria; gente de Nuevo Le\u00f3n, Zacatecas, Jalisco, Aguascalientes, Quer\u00e9taro, Ciudad de M\u00e9xico, Puebla, y pa\u00edses como Corea, Colombia, entre otros, han reconocido a Soledad como la ciudad de San Luis y el centro de la gastronom\u00eda potosina, cuna de la enchilada\u201d, subray\u00f3.<\/p>\n<p style=\"text-align: justify;\">Dijo que este domingo, \u00faltimo d\u00eda de Feria, el stand tur\u00edstico de Soledad de Graciano S\u00e1nchez cerrar\u00e1 con broche de oro, con una agenda cultural y una jornada de grandes actividades que invitan a las familias a adentrarse en la virtud de atracci\u00f3n del municipio.<\/p>\n<\/div>\n","protected":false},"excerpt":{"rendered":"<p>\u2013 Este s\u00e1bado, el grupo soledense encant\u00f3 a miles de visitantes que disfrutaron de elegancia,&#8230;<\/p>\n","protected":false},"author":2,"featured_media":0,"comment_status":"closed","ping_status":"closed","sticky":false,"template":"","format":"standard","meta":{"footnotes":""},"categories":[12],"tags":[],"class_list":["post-61153","post","type-post","status-publish","format-standard","hentry","category-soledad"],"featured_image_urls":{"full":"","thumbnail":"","medium":"","medium_large":"","large":"","1536x1536":"","2048x2048":"","covernews-slider-full":"","covernews-slider-center":"","covernews-featured":"","covernews-medium":"","covernews-medium-square":""},"author_info":{"display_name":"Redacci\u00f3n","author_link":"https:\/\/noticias-sinlimites.com\/?author=2"},"category_info":"<a href=\"https:\/\/noticias-sinlimites.com\/?cat=12\" rel=\"category\">Soledad<\/a>","tag_info":"Soledad","comment_count":"0","_links":{"self":[{"href":"https:\/\/noticias-sinlimites.com\/index.php?rest_route=\/wp\/v2\/posts\/61153","targetHints":{"allow":["GET"]}}],"collection":[{"href":"https:\/\/noticias-sinlimites.com\/index.php?rest_route=\/wp\/v2\/posts"}],"about":[{"href":"https:\/\/noticias-sinlimites.com\/index.php?rest_route=\/wp\/v2\/types\/post"}],"author":[{"embeddable":true,"href":"https:\/\/noticias-sinlimites.com\/index.php?rest_route=\/wp\/v2\/users\/2"}],"replies":[{"embeddable":true,"href":"https:\/\/noticias-sinlimites.com\/index.php?rest_route=%2Fwp%2Fv2%2Fcomments&post=61153"}],"version-history":[{"count":0,"href":"https:\/\/noticias-sinlimites.com\/index.php?rest_route=\/wp\/v2\/posts\/61153\/revisions"}],"wp:attachment":[{"href":"https:\/\/noticias-sinlimites.com\/index.php?rest_route=%2Fwp%2Fv2%2Fmedia&parent=61153"}],"wp:term":[{"taxonomy":"category","embeddable":true,"href":"https:\/\/noticias-sinlimites.com\/index.php?rest_route=%2Fwp%2Fv2%2Fcategories&post=61153"},{"taxonomy":"post_tag","embeddable":true,"href":"https:\/\/noticias-sinlimites.com\/index.php?rest_route=%2Fwp%2Fv2%2Ftags&post=61153"}],"curies":[{"name":"wp","href":"https:\/\/api.w.org\/{rel}","templated":true}]}}