{"id":61182,"date":"2026-09-01T00:02:35","date_gmt":"2026-09-01T05:02:35","guid":{"rendered":"https:\/\/noticias-sinlimites.com\/?p=61182"},"modified":"2026-09-01T00:02:35","modified_gmt":"2026-09-01T05:02:35","slug":"reporta-seguridad-vial-de-la-gcm-de-soledad-cero-incidencias-durante-regreso-a-clases-seguro","status":"publish","type":"post","link":"https:\/\/noticias-sinlimites.com\/?p=61182","title":{"rendered":"REPORTA SEGURIDAD VIAL DE LA GCM DE SOLEDAD, CERO INCIDENCIAS DURANTE \u201cREGRESO A CLASES SEGURO\u201d"},"content":{"rendered":"<div>\n<p style=\"text-align: justify;\">\u2013 Se brind\u00f3 presencia preventiva afuera de 34 planteles educativos prioritarios, en el primer d\u00eda de clases del ciclo escolar 2026-2027<\/p>\n<p style=\"text-align: justify;\">En atenci\u00f3n a la instrucci\u00f3n del Alcalde Juan Manuel Navarro Mu\u00f1iz, de brindar tranquilidad y protecci\u00f3n para cientos de ni\u00f1os, ni\u00f1as en su regreso a clases, la Direcci\u00f3n General de Seguridad Vial y Movilidad de la Guardia Civil Municipal de Soledad de Graciano S\u00e1nchez, reporta cero incidencias la ma\u00f1ana de este lunes en el primer d\u00eda de regreso a clases del ciclo escolar 2026-2027.<\/p>\n<p style=\"text-align: justify;\">Resultado del operativo \u201cRegreso a Clases Seguro\u201d implementado a lo largo del municipio, para garantizar la seguridad de la comunidad escolar y de madres y padres de familia durante el inicio del nuevo ciclo escolar, se reforzaron los recorridos de vigilancia y presencia policial en distintos planteles educativos de nivel b\u00e1sico y medio superior, en cabecera municipal, Puerta Real, avenida San Pedro, Valle de los Fantasmas y Jose de G\u00e1lvez, sostuvo el titular de Seguridad Vial y Movilidad de Soledad, comandante Miguel \u00c1ngel Hern\u00e1ndez Hern\u00e1ndez.<\/p>\n<p style=\"text-align: justify;\">Agreg\u00f3 que, como parte de estas acciones, desde las primeras horas del d\u00eda lunes, los agentes de la corporaci\u00f3n mantuvieron presencia preventiva afuera de las escuelas, dando prioridad en 34 planteles, para regular el flujo vehicular y dar paso al peat\u00f3n de manera segura.<\/p>\n<p style=\"text-align: justify;\">Si bien resalt\u00f3 Hern\u00e1ndez que, por el momento no se han presentado incidentes, la jornada se mantendr\u00e1 en el transcurso de la tarde, cuando se lleve a cabo la salida del turno matutino y la entrada de ni\u00f1os y j\u00f3venes que asisten a sus clases en el horario vespertino.<\/p>\n<p style=\"text-align: justify;\">Asimismo, resalt\u00f3 la implementaci\u00f3n del Operativo Carrusel que se despleg\u00f3 desde las 6:30 de la ma\u00f1ana, para vigilar que se respeten los l\u00edmites de velocidad en las calles y avenidas con mayor tr\u00e1nsito vehicular en la demarcaci\u00f3n, durante el cual se atendi\u00f3 un percance vial menor, en las primera horas de este d\u00eda.<\/p>\n<p style=\"text-align: justify;\">Finalmente, el titular de la Seguridad Vial exhorta a la ciudadan\u00eda a respetar los cruces peatonales; y a los conductores que transiten cerca de escuelas, se les solicita que eviten estacionarse en doble fila y manejen con precauci\u00f3n, atendiendo en todo momento las indicaciones de los agentes para cerrar una jornada sin imprevistos.<\/p>\n<\/div>\n","protected":false},"excerpt":{"rendered":"<p>\u2013 Se brind\u00f3 presencia preventiva afuera de 34 planteles educativos prioritarios, en el primer d\u00eda&#8230;<\/p>\n","protected":false},"author":2,"featured_media":0,"comment_status":"closed","ping_status":"closed","sticky":false,"template":"","format":"standard","meta":{"footnotes":""},"categories":[12],"tags":[],"class_list":["post-61182","post","type-post","status-publish","format-standard","hentry","category-soledad"],"featured_image_urls":{"full":"","thumbnail":"","medium":"","medium_large":"","large":"","1536x1536":"","2048x2048":"","covernews-slider-full":"","covernews-slider-center":"","covernews-featured":"","covernews-medium":"","covernews-medium-square":""},"author_info":{"display_name":"Redacci\u00f3n","author_link":"https:\/\/noticias-sinlimites.com\/?author=2"},"category_info":"<a href=\"https:\/\/noticias-sinlimites.com\/?cat=12\" rel=\"category\">Soledad<\/a>","tag_info":"Soledad","comment_count":"0","_links":{"self":[{"href":"https:\/\/noticias-sinlimites.com\/index.php?rest_route=\/wp\/v2\/posts\/61182","targetHints":{"allow":["GET"]}}],"collection":[{"href":"https:\/\/noticias-sinlimites.com\/index.php?rest_route=\/wp\/v2\/posts"}],"about":[{"href":"https:\/\/noticias-sinlimites.com\/index.php?rest_route=\/wp\/v2\/types\/post"}],"author":[{"embeddable":true,"href":"https:\/\/noticias-sinlimites.com\/index.php?rest_route=\/wp\/v2\/users\/2"}],"replies":[{"embeddable":true,"href":"https:\/\/noticias-sinlimites.com\/index.php?rest_route=%2Fwp%2Fv2%2Fcomments&post=61182"}],"version-history":[{"count":0,"href":"https:\/\/noticias-sinlimites.com\/index.php?rest_route=\/wp\/v2\/posts\/61182\/revisions"}],"wp:attachment":[{"href":"https:\/\/noticias-sinlimites.com\/index.php?rest_route=%2Fwp%2Fv2%2Fmedia&parent=61182"}],"wp:term":[{"taxonomy":"category","embeddable":true,"href":"https:\/\/noticias-sinlimites.com\/index.php?rest_route=%2Fwp%2Fv2%2Fcategories&post=61182"},{"taxonomy":"post_tag","embeddable":true,"href":"https:\/\/noticias-sinlimites.com\/index.php?rest_route=%2Fwp%2Fv2%2Ftags&post=61182"}],"curies":[{"name":"wp","href":"https:\/\/api.w.org\/{rel}","templated":true}]}}