{"id":61198,"date":"2026-09-02T00:02:40","date_gmt":"2026-09-02T05:02:40","guid":{"rendered":"https:\/\/noticias-sinlimites.com\/?p=61198"},"modified":"2026-09-02T00:02:40","modified_gmt":"2026-09-02T05:02:40","slug":"este-domingo-llega-a-soledad-de-graciano-sanchez-el-festival-mexico-en-la-piel","status":"publish","type":"post","link":"https:\/\/noticias-sinlimites.com\/?p=61198","title":{"rendered":"ESTE DOMINGO, LLEGA A SOLEDAD DE GRACIANO S\u00c1NCHEZ EL FESTIVAL \u201cM\u00c9XICO EN LA PIEL\u201d"},"content":{"rendered":"<div>\n<p style=\"text-align: justify;\">\n<p style=\"text-align: justify;\">\u2013 Se trata de una actividad llena de folclor y canto, en el marco del mes patrio; se realizar\u00e1 este domingo 06 de septiembre en el Jard\u00edn Hidalgo.<\/p>\n<p style=\"text-align: justify;\">Con el prop\u00f3sito de fortalecer el acceso de las familias a las expresiones art\u00edsticas y celebrar con orgullo las tradiciones mexicanas, el Ayuntamiento de Soledad de Graciano S\u00e1nchez llevar\u00e1 a cabo este domingo 06 de septiembre el Festival \u201cM\u00e9xico en la Piel\u201d, una jornada de folclor, canto, m\u00fasica y cultura que tendr\u00e1 como escenario el Jard\u00edn Hidalgo, a trav\u00e9s de la Direcci\u00f3n de Cultura Municipal, como parte de la encomienda del Alcalde, Juan Manuel Navarro Mu\u00f1iz.<\/p>\n<p style=\"text-align: justify;\">El anuncio fue realizado por el titular de Cultura, Felipe C\u00e1rdenas Quibrera, quien destac\u00f3 que este tipo de actividades forman parte de la estrategia para acercar espect\u00e1culos de calidad a las familias soledenses y mantener vivos el folclor y las tradiciones que dan identidad a M\u00e9xico. Resalt\u00f3 particularmente el impulso que el Alcalde Navarro Mu\u00f1iz est\u00e1 dando al arte y la cultura, al considerar que son herramientas fundamentales para fortalecer la identidad, generar convivencia y ofrecer espacios de sano esparcimiento para ni\u00f1as, ni\u00f1os, j\u00f3venes y familias.<\/p>\n<p style=\"text-align: justify;\">\u201cEn Soledad queremos que la cultura est\u00e9 en las plazas, en las calles y al alcance de todas y todos. El arte nos une, nos identifica y nos permite sentirnos orgullosos de nuestras ra\u00edces, y que mejor oportunidad de incentivar en amor por nuestra cultura y tradiciones, que este espect\u00e1culo de primer nivel\u201d, se\u00f1al\u00f3 el funcionario.<\/p>\n<p style=\"text-align: justify;\">El Festival \u201cM\u00e9xico en la Piel\u201d contar\u00e1 con la participaci\u00f3n de la Compa\u00f1\u00eda Art\u00edstica TACE, que ofrecer\u00e1 un espect\u00e1culo de folclor y canto inspirado en la riqueza cultural de nuestro pa\u00eds, mismo que dar\u00e1 inicio a las 18:00 horas y estar\u00e1 acompa\u00f1ada de antojitos mexicanos y una gran verbena popular, creando un ambiente familiar para disfrutar de nuestras tradiciones.<\/p>\n<p style=\"text-align: justify;\">Felipe C\u00e1rdenas invit\u00f3 a las familias soledenses a sumarse a esta fiesta y disfrutar de una tarde dedicada a M\u00e9xico: \u201cPorque Soledad Canta y Soledad Baila para festejar a M\u00e9xico. Queremos que las familias vivan nuestra cultura, la disfruten y la lleven en el coraz\u00f3n. M\u00e9xico se celebra, pero tambi\u00e9n se siente\u2026 y este domingo lo vamos a sentir en la piel\u201d.<\/p>\n<p style=\"text-align: justify;\">El evento ser\u00e1 de entrada gratuita y se realizar\u00e1 este domingo 6 de septiembre, a partir de las 18:00 horas, en el Jard\u00edn Hidalgo en la Plaza principal, un evento que impulsa el cambio cultural y el acceso a las familias a una agenda atractiva de m\u00fasica y color.<\/p>\n<\/div>\n","protected":false},"excerpt":{"rendered":"<p>\u2013 Se trata de una actividad llena de folclor y canto, en el marco del&#8230;<\/p>\n","protected":false},"author":2,"featured_media":0,"comment_status":"closed","ping_status":"closed","sticky":false,"template":"","format":"standard","meta":{"footnotes":""},"categories":[12],"tags":[],"class_list":["post-61198","post","type-post","status-publish","format-standard","hentry","category-soledad"],"featured_image_urls":{"full":"","thumbnail":"","medium":"","medium_large":"","large":"","1536x1536":"","2048x2048":"","covernews-slider-full":"","covernews-slider-center":"","covernews-featured":"","covernews-medium":"","covernews-medium-square":""},"author_info":{"display_name":"Redacci\u00f3n","author_link":"https:\/\/noticias-sinlimites.com\/?author=2"},"category_info":"<a href=\"https:\/\/noticias-sinlimites.com\/?cat=12\" rel=\"category\">Soledad<\/a>","tag_info":"Soledad","comment_count":"0","_links":{"self":[{"href":"https:\/\/noticias-sinlimites.com\/index.php?rest_route=\/wp\/v2\/posts\/61198","targetHints":{"allow":["GET"]}}],"collection":[{"href":"https:\/\/noticias-sinlimites.com\/index.php?rest_route=\/wp\/v2\/posts"}],"about":[{"href":"https:\/\/noticias-sinlimites.com\/index.php?rest_route=\/wp\/v2\/types\/post"}],"author":[{"embeddable":true,"href":"https:\/\/noticias-sinlimites.com\/index.php?rest_route=\/wp\/v2\/users\/2"}],"replies":[{"embeddable":true,"href":"https:\/\/noticias-sinlimites.com\/index.php?rest_route=%2Fwp%2Fv2%2Fcomments&post=61198"}],"version-history":[{"count":0,"href":"https:\/\/noticias-sinlimites.com\/index.php?rest_route=\/wp\/v2\/posts\/61198\/revisions"}],"wp:attachment":[{"href":"https:\/\/noticias-sinlimites.com\/index.php?rest_route=%2Fwp%2Fv2%2Fmedia&parent=61198"}],"wp:term":[{"taxonomy":"category","embeddable":true,"href":"https:\/\/noticias-sinlimites.com\/index.php?rest_route=%2Fwp%2Fv2%2Fcategories&post=61198"},{"taxonomy":"post_tag","embeddable":true,"href":"https:\/\/noticias-sinlimites.com\/index.php?rest_route=%2Fwp%2Fv2%2Ftags&post=61198"}],"curies":[{"name":"wp","href":"https:\/\/api.w.org\/{rel}","templated":true}]}}