{"id":61245,"date":"2026-09-03T00:01:55","date_gmt":"2026-09-03T05:01:55","guid":{"rendered":"https:\/\/noticias-sinlimites.com\/?p=61245"},"modified":"2026-09-03T13:21:08","modified_gmt":"2026-09-03T18:21:08","slug":"con-compromiso-y-cercania-alcalde-navarro-muniz-inicia-la-ampliacion-de-secundaria-en-valle-de-la-palma","status":"publish","type":"post","link":"https:\/\/noticias-sinlimites.com\/?p=61245","title":{"rendered":"CON COMPROMISO Y CERCAN\u00cdA, ALCALDE NAVARRO MU\u00d1IZ INICIA LA AMPLIACI\u00d3N DE SECUNDARIA EN VALLE DE LA PALMA"},"content":{"rendered":"<div>\n<p style=\"text-align: justify;\">\u2013 Dio el banderazo de arranque de la construcci\u00f3n de 4 aulas did\u00e1cticas, con una inversi\u00f3n bipartita, de 5.2 millones de pesos.<\/p>\n<p style=\"text-align: justify;\">\u2013 Estos nuevos salones permitir\u00e1n el ingreso de m\u00e1s de 200 estudiantes del sector y zonas aleda\u00f1as.<\/p>\n<p style=\"text-align: justify;\">Este mi\u00e9rcoles, el Alcalde Juan Manuel Navarro Mu\u00f1iz llev\u00f3 esperanza y un compromiso firme con la educaci\u00f3n de j\u00f3venes del fraccionamiento Valle de la Palma, al inaugurar la construcci\u00f3n de cuatro nuevas aulas en la escuela secundaria general de este sector, anunciando, tambi\u00e9n, la instalaci\u00f3n de un techado escolar para proteger al estudiantado de las inclemencias del clima; con una inversi\u00f3n superior a los cinco millones de pesos, el edil dijo que esta nueva infraestructura educativa forma parte del comienzo del ciclo escolar con progreso y futuro para la comunidad.<\/p>\n<p style=\"text-align: justify;\">Acompa\u00f1ado y respaldado por docentes, estudiantes, madres y padres de familia, el Presidente municipal expres\u00f3 su satisfacci\u00f3n por regresar a este fraccionamiento y constatar que el proyecto que hace unos a\u00f1os parec\u00eda lejano hoy es una realidad consolidada, gracias al apoyo del Gobernador, Ricardo Gallardo Cardona, quien decididamente inici\u00f3 con la construcci\u00f3n de un Jard\u00edn de Ni\u00f1os, posteriormente, estos gobiernos gallardistas siguieron con la edificaci\u00f3n de una primaria y, ahora, una secundaria.<\/p>\n<p style=\"text-align: justify;\">Record\u00f3 que hace un a\u00f1o, el Gobernador del Estado, Ricardo Gallardo Cardona, inaugur\u00f3 las modernas instalaciones de esta secundaria en Soledad de Graciano S\u00e1nchez, marcando un antes y un despu\u00e9s para las familias, y destac\u00f3 que, como integrante del grupo pol\u00edtico gallardista, le enorgullece ser parte de la transformaci\u00f3n educativa que impulsa mejores oportunidades para ni\u00f1as, ni\u00f1os y j\u00f3venes de Valle de la Palma.<\/p>\n<p style=\"text-align: justify;\">\u201cNo hemos descuidado el tema de la educaci\u00f3n en Valle de la Palma, estoy seguro que todos los padres de familia se dan cuenta de la acciones de este gobierno, y respaldan al gobierno porque con resultados hemos demostrado como se debe ejercer el recurso con responsabilidad; y para m\u00ed, no hay mejor inversi\u00f3n que la que se hace en el sector educativo, porque vemos los frutos. Estoy seguro, que de aqu\u00ed saldr\u00e1n los pr\u00f3ximos ingenieros, maestros y directores del Ayuntamiento de Soledad\u201d, afirm\u00f3.<\/p>\n<p style=\"text-align: justify;\">Jose Leandro Garc\u00eda V\u00e1zquez, director de la secundaria, dijo: \u201cestamos convenidos que invertir en educaci\u00f3n es invertir en el futuro de nuestros ni\u00f1os, y estamos agradecemos al Gobernador y al Alcalde, por escuchar nuestras necesidades y hacer de la educaci\u00f3n una prioridad; esta segunda etapa de nuestra escuela, es un paso hist\u00f3rico a la educaci\u00f3n de nuestra comunidad\u201d.<\/p>\n<p style=\"text-align: justify;\">As\u00ed, cuando los gobiernos trabajan unidos, los resultados se reflejan en obras que transforman la vida de las familias y abren oportunidades reales para la juventud, y hoy en Soledad el cambio es posible gracias al trabajo en equipo, la constancia y el compromiso de servir siempre pensando en la gente, de la mano del Gobierno Estatal para construir caminos de oportunidades.<\/p>\n<p style=\"text-align: justify;\">Con estas acciones, el Ayuntamiento de Soledad de Graciano S\u00e1nchez reafirma su compromiso de seguir fortaleciendo la infraestructura educativa y de impulsar el desarrollo integral de la ni\u00f1ez y juventud del municipio.<\/p>\n<\/div>\n","protected":false},"excerpt":{"rendered":"<p>\u2013 Dio el banderazo de arranque de la construcci\u00f3n de 4 aulas did\u00e1cticas, con una&#8230;<\/p>\n","protected":false},"author":2,"featured_media":61275,"comment_status":"closed","ping_status":"closed","sticky":false,"template":"","format":"standard","meta":{"footnotes":""},"categories":[12],"tags":[],"class_list":["post-61245","post","type-post","status-publish","format-standard","has-post-thumbnail","hentry","category-soledad"],"featured_image_urls":{"full":["https:\/\/closeup.mx\/wp-content\/uploads\/2026\/09\/WhatsApp-Image-2026-09-02-at-1.37.09-PM-696x464.jpeg",696,464,false],"thumbnail":["https:\/\/closeup.mx\/wp-content\/uploads\/2026\/09\/WhatsApp-Image-2026-09-02-at-1.37.09-PM-696x464.jpeg",150,100,false],"medium":["https:\/\/closeup.mx\/wp-content\/uploads\/2026\/09\/WhatsApp-Image-2026-09-02-at-1.37.09-PM-696x464.jpeg",300,200,false],"medium_large":["https:\/\/closeup.mx\/wp-content\/uploads\/2026\/09\/WhatsApp-Image-2026-09-02-at-1.37.09-PM-696x464.jpeg",640,427,false],"large":["https:\/\/closeup.mx\/wp-content\/uploads\/2026\/09\/WhatsApp-Image-2026-09-02-at-1.37.09-PM-696x464.jpeg",640,427,false],"1536x1536":["https:\/\/closeup.mx\/wp-content\/uploads\/2026\/09\/WhatsApp-Image-2026-09-02-at-1.37.09-PM-696x464.jpeg",696,464,false],"2048x2048":["https:\/\/closeup.mx\/wp-content\/uploads\/2026\/09\/WhatsApp-Image-2026-09-02-at-1.37.09-PM-696x464.jpeg",696,464,false],"covernews-slider-full":["https:\/\/closeup.mx\/wp-content\/uploads\/2026\/09\/WhatsApp-Image-2026-09-02-at-1.37.09-PM-696x464.jpeg",696,464,false],"covernews-slider-center":["https:\/\/closeup.mx\/wp-content\/uploads\/2026\/09\/WhatsApp-Image-2026-09-02-at-1.37.09-PM-696x464.jpeg",696,464,false],"covernews-featured":["https:\/\/closeup.mx\/wp-content\/uploads\/2026\/09\/WhatsApp-Image-2026-09-02-at-1.37.09-PM-696x464.jpeg",696,464,false],"covernews-medium":["https:\/\/closeup.mx\/wp-content\/uploads\/2026\/09\/WhatsApp-Image-2026-09-02-at-1.37.09-PM-696x464.jpeg",510,340,false],"covernews-medium-square":["https:\/\/closeup.mx\/wp-content\/uploads\/2026\/09\/WhatsApp-Image-2026-09-02-at-1.37.09-PM-696x464.jpeg",375,250,false]},"author_info":{"display_name":"Redacci\u00f3n","author_link":"https:\/\/noticias-sinlimites.com\/?author=2"},"category_info":"<a href=\"https:\/\/noticias-sinlimites.com\/?cat=12\" rel=\"category\">Soledad<\/a>","tag_info":"Soledad","comment_count":"0","_links":{"self":[{"href":"https:\/\/noticias-sinlimites.com\/index.php?rest_route=\/wp\/v2\/posts\/61245","targetHints":{"allow":["GET"]}}],"collection":[{"href":"https:\/\/noticias-sinlimites.com\/index.php?rest_route=\/wp\/v2\/posts"}],"about":[{"href":"https:\/\/noticias-sinlimites.com\/index.php?rest_route=\/wp\/v2\/types\/post"}],"author":[{"embeddable":true,"href":"https:\/\/noticias-sinlimites.com\/index.php?rest_route=\/wp\/v2\/users\/2"}],"replies":[{"embeddable":true,"href":"https:\/\/noticias-sinlimites.com\/index.php?rest_route=%2Fwp%2Fv2%2Fcomments&post=61245"}],"version-history":[{"count":1,"href":"https:\/\/noticias-sinlimites.com\/index.php?rest_route=\/wp\/v2\/posts\/61245\/revisions"}],"predecessor-version":[{"id":61276,"href":"https:\/\/noticias-sinlimites.com\/index.php?rest_route=\/wp\/v2\/posts\/61245\/revisions\/61276"}],"wp:featuredmedia":[{"embeddable":true,"href":"https:\/\/noticias-sinlimites.com\/index.php?rest_route=\/wp\/v2\/media\/61275"}],"wp:attachment":[{"href":"https:\/\/noticias-sinlimites.com\/index.php?rest_route=%2Fwp%2Fv2%2Fmedia&parent=61245"}],"wp:term":[{"taxonomy":"category","embeddable":true,"href":"https:\/\/noticias-sinlimites.com\/index.php?rest_route=%2Fwp%2Fv2%2Fcategories&post=61245"},{"taxonomy":"post_tag","embeddable":true,"href":"https:\/\/noticias-sinlimites.com\/index.php?rest_route=%2Fwp%2Fv2%2Ftags&post=61245"}],"curies":[{"name":"wp","href":"https:\/\/api.w.org\/{rel}","templated":true}]}}