{"id":61288,"date":"2026-09-04T00:01:37","date_gmt":"2026-09-04T05:01:37","guid":{"rendered":"https:\/\/noticias-sinlimites.com\/?p=61288"},"modified":"2026-09-04T00:01:37","modified_gmt":"2026-09-04T05:01:37","slug":"gobierno-de-soledad-viste-de-tricolor-el-palacio-municipal-con-motivo-del-mes-patrio","status":"publish","type":"post","link":"https:\/\/noticias-sinlimites.com\/?p=61288","title":{"rendered":"GOBIERNO DE SOLEDAD VISTE DE TRICOLOR EL PALACIO MUNICIPAL CON MOTIVO DEL MES PATRIO"},"content":{"rendered":"<div>\n<p style=\"text-align: justify;\">\n<p style=\"text-align: justify;\">\u2022 Comenz\u00f3 la decoraci\u00f3n patria que se suma a las actividades que el Ayuntamiento prepara para reunir a las familias soledenses durante las celebraciones del 15 y 16 de septiembre.<\/p>\n<p style=\"text-align: justify;\">Con los colores verde, blanco y rojo, as\u00ed como elementos alusivos a la Independencia de M\u00e9xico, el Palacio Municipal de Soledad de Graciano S\u00e1nchez luce una renovada imagen con motivo de las Fiestas Patrias, como parte de las acciones que fortalecen la identidad, las tradiciones y el orgullo de las familias soledenses, por encomienda del Alcalde Juan Manuel Navarro Mu\u00f1iz.<\/p>\n<p style=\"text-align: justify;\">La decoraci\u00f3n patria engalana el patio central de la Presidencia Municipal con banderines, motivos tricolores y elementos representativos de la cultura mexicana, as\u00ed como la fachada del recinto que cuenta con iluminaci\u00f3n esc\u00e9nica, creando un ambiente acorde con una de las celebraciones m\u00e1s significativas para las y los mexicanos; esta ambientaci\u00f3n tambi\u00e9n busca acercar a las familias a las tradiciones que forman parte de la historia del pa\u00eds y mantenerlas presentes entre las nuevas generaciones.<\/p>\n<p style=\"text-align: justify;\">El ambiente festivo se extiende a las actividades que el Gobierno Municipal prepara para septiembre, con el tradicional Grito de Independencia, que tendr\u00e1 lugar el pr\u00f3ximo 15 de septiembre en la Plaza principal de Soledad, donde se espera la convivencia de cientos de familias en una celebraci\u00f3n, una tradicional verbena popular que enaltece la gastronom\u00eda mexicana y una presentaci\u00f3n musical, en un espacio de encuentro y cercan\u00eda con la poblaci\u00f3n.<\/p>\n<p style=\"text-align: justify;\">Asimismo, el Desfile de Independencia del 16 de septiembre reunir\u00e1 a contingentes que recorrer\u00e1n las calles del municipio para conmemorar esta fecha hist\u00f3rica y fortalecer entre ni\u00f1as, ni\u00f1os, j\u00f3venes y familias el conocimiento y respeto por los s\u00edmbolos y valores nacionales. Con estas acciones, el Gobierno Municipal escucha y atiende, mantiene vivas las tradiciones y fortalece el cambio que transforma, con actividades que acercan la cultura y la historia a las familias de Soledad.<\/p>\n<\/div>\n","protected":false},"excerpt":{"rendered":"<p>\u2022 Comenz\u00f3 la decoraci\u00f3n patria que se suma a las actividades que el Ayuntamiento prepara&#8230;<\/p>\n","protected":false},"author":2,"featured_media":0,"comment_status":"closed","ping_status":"closed","sticky":false,"template":"","format":"standard","meta":{"footnotes":""},"categories":[12],"tags":[],"class_list":["post-61288","post","type-post","status-publish","format-standard","hentry","category-soledad"],"featured_image_urls":{"full":"","thumbnail":"","medium":"","medium_large":"","large":"","1536x1536":"","2048x2048":"","covernews-slider-full":"","covernews-slider-center":"","covernews-featured":"","covernews-medium":"","covernews-medium-square":""},"author_info":{"display_name":"Redacci\u00f3n","author_link":"https:\/\/noticias-sinlimites.com\/?author=2"},"category_info":"<a href=\"https:\/\/noticias-sinlimites.com\/?cat=12\" rel=\"category\">Soledad<\/a>","tag_info":"Soledad","comment_count":"0","_links":{"self":[{"href":"https:\/\/noticias-sinlimites.com\/index.php?rest_route=\/wp\/v2\/posts\/61288","targetHints":{"allow":["GET"]}}],"collection":[{"href":"https:\/\/noticias-sinlimites.com\/index.php?rest_route=\/wp\/v2\/posts"}],"about":[{"href":"https:\/\/noticias-sinlimites.com\/index.php?rest_route=\/wp\/v2\/types\/post"}],"author":[{"embeddable":true,"href":"https:\/\/noticias-sinlimites.com\/index.php?rest_route=\/wp\/v2\/users\/2"}],"replies":[{"embeddable":true,"href":"https:\/\/noticias-sinlimites.com\/index.php?rest_route=%2Fwp%2Fv2%2Fcomments&post=61288"}],"version-history":[{"count":0,"href":"https:\/\/noticias-sinlimites.com\/index.php?rest_route=\/wp\/v2\/posts\/61288\/revisions"}],"wp:attachment":[{"href":"https:\/\/noticias-sinlimites.com\/index.php?rest_route=%2Fwp%2Fv2%2Fmedia&parent=61288"}],"wp:term":[{"taxonomy":"category","embeddable":true,"href":"https:\/\/noticias-sinlimites.com\/index.php?rest_route=%2Fwp%2Fv2%2Fcategories&post=61288"},{"taxonomy":"post_tag","embeddable":true,"href":"https:\/\/noticias-sinlimites.com\/index.php?rest_route=%2Fwp%2Fv2%2Ftags&post=61288"}],"curies":[{"name":"wp","href":"https:\/\/api.w.org\/{rel}","templated":true}]}}