{"id":61289,"date":"2026-09-04T00:01:39","date_gmt":"2026-09-04T05:01:39","guid":{"rendered":"https:\/\/noticias-sinlimites.com\/?p=61289"},"modified":"2026-09-04T00:01:39","modified_gmt":"2026-09-04T05:01:39","slug":"prepara-ayuntamiento-de-soledad-cuarta-edicion-de-zumbanda-con-atractivos-renovados","status":"publish","type":"post","link":"https:\/\/noticias-sinlimites.com\/?p=61289","title":{"rendered":"PREPARA AYUNTAMIENTO DE SOLEDAD CUARTA EDICI\u00d3N DE \u201cZUMBANDA\u201d CON ATRACTIVOS RENOVADOS"},"content":{"rendered":"<div>\n<p style=\"text-align: justify;\">\n<p style=\"text-align: justify;\">\u2013 Esta ocasi\u00f3n se realizar\u00e1 el 18 de septiembre en la Plaza Principal y contar\u00e1 con un formato renovado que incluye m\u00fasica vers\u00e1til, un DJ sorpresa y dos destacados exponentes internacionales de Zumba.<\/p>\n<p style=\"text-align: justify;\">En cumplimiento a las directrices de proximidad social e integraci\u00f3n comunitaria instruidas por el Alcalde Juan Manuel Navarro Mu\u00f1iz, el Gobierno Municipal de Soledad de Graciano S\u00e1nchez, a trav\u00e9s del Instituto Municipal de la Juventud (IMJUVE), coordina los preparativos para la ejecuci\u00f3n de la cuarta edici\u00f3n del programa \u201cZumbanda Vol. 4\u201d, el cual se llevar\u00e1 a cabo el pr\u00f3ximo 18 de septiembre en la Plaza Principal del municipio.<\/p>\n<p style=\"text-align: justify;\">El titular de la dependencia municipal, Juan Ferrer Torres, precis\u00f3 que esta iniciativa responde directamente a la favorable recepci\u00f3n y solicitud de la poblaci\u00f3n soledense, por lo que para esta nueva entrega se ha estructurado una propuesta art\u00edstica y deportiva renovada que integrar\u00e1 la participaci\u00f3n de un DJ sorpresa, ambientaci\u00f3n con m\u00fasica vers\u00e1til y la intervenci\u00f3n especial de dos instructores de Zumba con reconocida trayectoria en el \u00e1mbito internacional.<\/p>\n<p style=\"text-align: justify;\">Asimismo, el funcionario hizo una cordial invitaci\u00f3n a todas las escuelas, instructores y academias de Zumba de Soledad y zona metropolitana, y ser parte de esta gran celebraci\u00f3n deportiva y recreativa que se ha posicionado como un referente en toda la regi\u00f3n, reafirmando el compromiso del Ayuntamiento de continuar impulsando actividades incluyentes y masivas.<\/p>\n<p style=\"text-align: justify;\">El funcionario subray\u00f3 que el compromiso de la administraci\u00f3n municipal es mantener un gobierno cercano hacia los requerimientos de las familias del municipio, por lo que la articulaci\u00f3n de estos eventos busca garantizar espacios seguros que promuevan la activaci\u00f3n f\u00edsica, el sano esparcimiento y la convivencia arm\u00f3nica entre personas de todas las edades en el coraz\u00f3n de Soledad.<\/p>\n<p style=\"text-align: justify;\">Finalmente, destac\u00f3 el impacto positivo de las ediciones anteriores, las cuales han consolidado una importante convocatoria mediante la entrega de insumos, din\u00e1micas de integraci\u00f3n y \u00e1reas dedicadas al cuidado infantil. Con estas acciones, el Ayuntamiento de Soledad de Graciano S\u00e1nchez refrenda su labor orientada al fortalecimiento del tejido social y al bienestar integral de sus habitantes.<\/p>\n<\/div>\n","protected":false},"excerpt":{"rendered":"<p>\u2013 Esta ocasi\u00f3n se realizar\u00e1 el 18 de septiembre en la Plaza Principal y contar\u00e1&#8230;<\/p>\n","protected":false},"author":2,"featured_media":0,"comment_status":"closed","ping_status":"closed","sticky":false,"template":"","format":"standard","meta":{"footnotes":""},"categories":[12],"tags":[],"class_list":["post-61289","post","type-post","status-publish","format-standard","hentry","category-soledad"],"featured_image_urls":{"full":"","thumbnail":"","medium":"","medium_large":"","large":"","1536x1536":"","2048x2048":"","covernews-slider-full":"","covernews-slider-center":"","covernews-featured":"","covernews-medium":"","covernews-medium-square":""},"author_info":{"display_name":"Redacci\u00f3n","author_link":"https:\/\/noticias-sinlimites.com\/?author=2"},"category_info":"<a href=\"https:\/\/noticias-sinlimites.com\/?cat=12\" rel=\"category\">Soledad<\/a>","tag_info":"Soledad","comment_count":"0","_links":{"self":[{"href":"https:\/\/noticias-sinlimites.com\/index.php?rest_route=\/wp\/v2\/posts\/61289","targetHints":{"allow":["GET"]}}],"collection":[{"href":"https:\/\/noticias-sinlimites.com\/index.php?rest_route=\/wp\/v2\/posts"}],"about":[{"href":"https:\/\/noticias-sinlimites.com\/index.php?rest_route=\/wp\/v2\/types\/post"}],"author":[{"embeddable":true,"href":"https:\/\/noticias-sinlimites.com\/index.php?rest_route=\/wp\/v2\/users\/2"}],"replies":[{"embeddable":true,"href":"https:\/\/noticias-sinlimites.com\/index.php?rest_route=%2Fwp%2Fv2%2Fcomments&post=61289"}],"version-history":[{"count":0,"href":"https:\/\/noticias-sinlimites.com\/index.php?rest_route=\/wp\/v2\/posts\/61289\/revisions"}],"wp:attachment":[{"href":"https:\/\/noticias-sinlimites.com\/index.php?rest_route=%2Fwp%2Fv2%2Fmedia&parent=61289"}],"wp:term":[{"taxonomy":"category","embeddable":true,"href":"https:\/\/noticias-sinlimites.com\/index.php?rest_route=%2Fwp%2Fv2%2Fcategories&post=61289"},{"taxonomy":"post_tag","embeddable":true,"href":"https:\/\/noticias-sinlimites.com\/index.php?rest_route=%2Fwp%2Fv2%2Ftags&post=61289"}],"curies":[{"name":"wp","href":"https:\/\/api.w.org\/{rel}","templated":true}]}}