{"id":61307,"date":"2026-09-05T00:01:28","date_gmt":"2026-09-05T05:01:28","guid":{"rendered":"https:\/\/noticias-sinlimites.com\/?p=61307"},"modified":"2026-09-05T00:01:28","modified_gmt":"2026-09-05T05:01:28","slug":"alcalde-navarro-muniz-invita-a-celebrar-la-noche-mexicana-con-la-agrupacion-la-mafia","status":"publish","type":"post","link":"https:\/\/noticias-sinlimites.com\/?p=61307","title":{"rendered":"ALCALDE NAVARRO MU\u00d1IZ INVITA A CELEBRAR LA NOCHE MEXICANA CON LA AGRUPACI\u00d3N LA MAFIA"},"content":{"rendered":"<div>\n<p style=\"text-align: justify;\">\u2013 La Plaza principal se llenar\u00e1 de tricolor para conmemorar el 216 aniversario de la Independencia de M\u00e9xico, con verbena popular, grupo La Mafia en vivo y mucho orgullo nacional.<\/p>\n<p>El Alcalde, Juan Manuel Navarro Mu\u00f1iz, extendi\u00f3 una atenta invitaci\u00f3n a todas las familias de Soledad de Graciano S\u00e1nchez a celebrar el Grito de Independencia, una fecha nacional hist\u00f3rica que nos permite reconocer la riqueza de nuestro pa\u00eds y fortalecer la identidad y el orgullo como mexicanos y mexicanas; este martes 15 de septiembre, habr\u00e1 un programa de actividades en la Plaza principal, engalanado con la presentaci\u00f3n musical del grupo La Mafia, adem\u00e1s de una verbena y un ambiente c\u00e1lido y patrio.<\/p>\n<p style=\"text-align: justify;\">El edil dijo que en esta conmemoraci\u00f3n del 216 aniversario de la Independencia de M\u00e9xico, el cambio social se vive y se percibe, por lo que el Gobierno Municipal afina los \u00faltimos detalles para llevar a cabo la ceremonia del Grito Independentista, simulando el acto heroico de aquellos personajes que dieron libertad a la naci\u00f3n: \u201ccon orgullo y mucho compromiso por su significado, estamos preparando este evento que re\u00fane a familias para celebrar el orgullo nacional\u201d.<\/p>\n<p style=\"text-align: justify;\">Detall\u00f3 que a partir de las 19 horas, las familias podr\u00e1n disfrutar de una verbena gratuita, con la entrega de antojitos mexicanos, dulces y sabores tradicionales de Soledad de Graciano S\u00e1nchez, con el prop\u00f3sito de enaltecer nuestras ra\u00edces y convivir entre familias de todas las colonias y comunidades del municipio.<\/p>\n<p style=\"text-align: justify;\">La parte musical de la noche patriota estar\u00e1 a cargo de la agrupaci\u00f3n La Mafia, del g\u00e9nero tex-mex y rom\u00e1ntico, quienes cautivar\u00e1n a las y los presentes con una velada inolvidable con \u00e9xitos como \u201cMe Estoy Enamorando\u201d , \u201cNo Lo Har\u00e9\u201d y \u201cUn Mill\u00f3n de Rosas\u201d, para culminar los festejos patrios este 15 de septiembre.<\/p>\n<p style=\"text-align: justify;\">Navarro Mu\u00f1iz invit\u00f3 a toda la ciudadan\u00eda de Soledad y alrededores, a vivir en grande la fiesta mexicana m\u00e1s grande del a\u00f1o y hacer del municipio la sede para pasarla en familia, con amigos y en un grito de unidad, orgullo y tradici\u00f3n nacional.<\/p>\n<\/div>\n","protected":false},"excerpt":{"rendered":"<p>\u2013 La Plaza principal se llenar\u00e1 de tricolor para conmemorar el 216 aniversario de la&#8230;<\/p>\n","protected":false},"author":2,"featured_media":0,"comment_status":"closed","ping_status":"closed","sticky":false,"template":"","format":"standard","meta":{"footnotes":""},"categories":[12],"tags":[],"class_list":["post-61307","post","type-post","status-publish","format-standard","hentry","category-soledad"],"featured_image_urls":{"full":"","thumbnail":"","medium":"","medium_large":"","large":"","1536x1536":"","2048x2048":"","covernews-slider-full":"","covernews-slider-center":"","covernews-featured":"","covernews-medium":"","covernews-medium-square":""},"author_info":{"display_name":"Redacci\u00f3n","author_link":"https:\/\/noticias-sinlimites.com\/?author=2"},"category_info":"<a href=\"https:\/\/noticias-sinlimites.com\/?cat=12\" rel=\"category\">Soledad<\/a>","tag_info":"Soledad","comment_count":"0","_links":{"self":[{"href":"https:\/\/noticias-sinlimites.com\/index.php?rest_route=\/wp\/v2\/posts\/61307","targetHints":{"allow":["GET"]}}],"collection":[{"href":"https:\/\/noticias-sinlimites.com\/index.php?rest_route=\/wp\/v2\/posts"}],"about":[{"href":"https:\/\/noticias-sinlimites.com\/index.php?rest_route=\/wp\/v2\/types\/post"}],"author":[{"embeddable":true,"href":"https:\/\/noticias-sinlimites.com\/index.php?rest_route=\/wp\/v2\/users\/2"}],"replies":[{"embeddable":true,"href":"https:\/\/noticias-sinlimites.com\/index.php?rest_route=%2Fwp%2Fv2%2Fcomments&post=61307"}],"version-history":[{"count":0,"href":"https:\/\/noticias-sinlimites.com\/index.php?rest_route=\/wp\/v2\/posts\/61307\/revisions"}],"wp:attachment":[{"href":"https:\/\/noticias-sinlimites.com\/index.php?rest_route=%2Fwp%2Fv2%2Fmedia&parent=61307"}],"wp:term":[{"taxonomy":"category","embeddable":true,"href":"https:\/\/noticias-sinlimites.com\/index.php?rest_route=%2Fwp%2Fv2%2Fcategories&post=61307"},{"taxonomy":"post_tag","embeddable":true,"href":"https:\/\/noticias-sinlimites.com\/index.php?rest_route=%2Fwp%2Fv2%2Ftags&post=61307"}],"curies":[{"name":"wp","href":"https:\/\/api.w.org\/{rel}","templated":true}]}}