{"id":61332,"date":"2026-09-06T00:01:28","date_gmt":"2026-09-06T05:01:28","guid":{"rendered":"https:\/\/noticias-sinlimites.com\/?p=61332"},"modified":"2026-09-06T00:01:28","modified_gmt":"2026-09-06T05:01:28","slug":"a-punto-de-inaugurarse-centro-integral-de-capacitacion-y-deporte-en-soledad","status":"publish","type":"post","link":"https:\/\/noticias-sinlimites.com\/?p=61332","title":{"rendered":"A PUNTO DE INAUGURARSE, CENTRO INTEGRAL DE CAPACITACI\u00d3N Y DEPORTE EN SOLEDAD"},"content":{"rendered":"<div>\n<p style=\"text-align: justify;\">\u2013 El Alcalde, Juan Manuel Navarro inform\u00f3 que este espacio ofrecer\u00e1 cursos de computaci\u00f3n, electricidad, carpinter\u00eda, costura, manualidades e ingl\u00e9s, adem\u00e1s de actividades deportivas y capacitaci\u00f3n certificada.<\/p>\n<p>Juan Manuel Navarro Mu\u00f1iz, Alcalde de Soledad de Graciano S\u00e1nchez, anunci\u00f3 que antes de presentar su Segundo Informe de Resultados, ser\u00e1 inaugurado el Centro Integral para la Capacitaci\u00f3n y el Deporte \u201cSan Francisco\u201d, un espacio creado desde sus bases y que transformar\u00e1 por completo el antiguo Centro de Extensi\u00f3n, renovando las oportunidades de aprendizaje, capacitaci\u00f3n y actividad f\u00edsica a las familias de la zona.<\/p>\n<p style=\"text-align: justify;\">El nuevo Centro Integral contar\u00e1 con salones para cursos gratuitos de computaci\u00f3n, cocina, manualidades, electricidad, carpinter\u00eda, costura, ingl\u00e9s y m\u00e1s, adem\u00e1s de espacios deportivos con una cancha de f\u00fatbol uruguayo y un \u00e1rea multideportiva; el proyecto est\u00e1 dirigido a ni\u00f1as, ni\u00f1os, j\u00f3venes, adultos y adultos mayores, con el objetivo de que puedan aprender un oficio, perfeccionar sus conocimientos y ampliar sus posibilidades de empleo o autoempleo.<\/p>\n<p style=\"text-align: justify;\">\u201cLo que queremos es que la gente pueda aprender, que quienes ya sepan un oficio, lo perfeccionen, que puedan emplearse y que tengan un documento que avale sus conocimientos\u201d, se\u00f1al\u00f3 el Alcalde, al destacar que se buscar\u00e1 la certificaci\u00f3n de los cursos a trav\u00e9s del Instituto de Capacitaci\u00f3n para el Trabajo (ICAT), para que las y los participantes cuenten con una constancia que respalde sus habilidades.<\/p>\n<p style=\"text-align: justify;\">Este Centro ubicado en calle Rep\u00fablica de Uruguay #104 en la colonia San Francisco, muy cerca de avenida San Pedro y carretera a Matehuala, resultar\u00e1 un espacio estrat\u00e9gico para fortalecer la capacidad laboral de la poblaci\u00f3n y rescatar espacios p{p\u00fablicos, acercando el deporte y herramientas para el desarrollo personal y laboral.<\/p>\n<p style=\"text-align: justify;\">Navarro Mu\u00f1iz afirm\u00f3 que el cambio que transforma se refleja en instalaciones renovadas que estar\u00e1n al alcance de la poblaci\u00f3n y consolidan la visi\u00f3n de un gobierno cercano, que escucha y atiende las necesidades de las familias de Soledad.<\/p>\n<p><a href=\"https:\/\/lavozdesanluis.com.mx\/soledad\/2026\/09\/05\/a-punto-de-inaugurarse-centro-integral-de-capacitacion-y-deporte-en-soledad\/attachment\/whatsapp-image-2026-09-05-at-12-46-55-pm\/\"><img loading=\"lazy\" decoding=\"async\" width=\"150\" height=\"150\" src=\"https:\/\/lavozdesanluis.com.mx\/wp-content\/uploads\/2026\/09\/WhatsApp-Image-2026-09-05-at-12.46.55-PM-150x150.jpeg\" class=\"attachment-thumbnail size-thumbnail\" alt=\"\"><\/a><br \/>\n<a href=\"https:\/\/lavozdesanluis.com.mx\/soledad\/2026\/09\/05\/a-punto-de-inaugurarse-centro-integral-de-capacitacion-y-deporte-en-soledad\/attachment\/whatsapp-image-2026-09-05-at-12-46-56-pm\/\"><img loading=\"lazy\" decoding=\"async\" width=\"150\" height=\"150\" src=\"https:\/\/lavozdesanluis.com.mx\/wp-content\/uploads\/2026\/09\/WhatsApp-Image-2026-09-05-at-12.46.56-PM-150x150.jpeg\" class=\"attachment-thumbnail size-thumbnail\" alt=\"\"><\/a><br \/>\n<a href=\"https:\/\/lavozdesanluis.com.mx\/soledad\/2026\/09\/05\/a-punto-de-inaugurarse-centro-integral-de-capacitacion-y-deporte-en-soledad\/attachment\/whatsapp-image-2026-09-05-at-12-46-55-pm-1\/\"><img loading=\"lazy\" decoding=\"async\" width=\"150\" height=\"150\" src=\"https:\/\/lavozdesanluis.com.mx\/wp-content\/uploads\/2026\/09\/WhatsApp-Image-2026-09-05-at-12.46.55-PM-1-150x150.jpeg\" class=\"attachment-thumbnail size-thumbnail\" alt=\"\"><\/a><br \/>\n<a href=\"https:\/\/lavozdesanluis.com.mx\/soledad\/2026\/09\/05\/a-punto-de-inaugurarse-centro-integral-de-capacitacion-y-deporte-en-soledad\/attachment\/whatsapp-image-2026-09-05-at-12-46-56-pm-1\/\"><img loading=\"lazy\" decoding=\"async\" width=\"150\" height=\"150\" src=\"https:\/\/lavozdesanluis.com.mx\/wp-content\/uploads\/2026\/09\/WhatsApp-Image-2026-09-05-at-12.46.56-PM-1-150x150.jpeg\" class=\"attachment-thumbnail size-thumbnail\" alt=\"\"><\/a><br \/>\n<a href=\"https:\/\/lavozdesanluis.com.mx\/soledad\/2026\/09\/05\/a-punto-de-inaugurarse-centro-integral-de-capacitacion-y-deporte-en-soledad\/attachment\/whatsapp-image-2026-09-05-at-12-46-56-pm-2\/\"><img loading=\"lazy\" decoding=\"async\" width=\"150\" height=\"150\" src=\"https:\/\/lavozdesanluis.com.mx\/wp-content\/uploads\/2026\/09\/WhatsApp-Image-2026-09-05-at-12.46.56-PM-2-150x150.jpeg\" class=\"attachment-thumbnail size-thumbnail\" alt=\"\"><\/a><br \/>\n<a href=\"https:\/\/lavozdesanluis.com.mx\/soledad\/2026\/09\/05\/a-punto-de-inaugurarse-centro-integral-de-capacitacion-y-deporte-en-soledad\/attachment\/whatsapp-image-2026-09-05-at-12-46-56-pm-3\/\"><img loading=\"lazy\" decoding=\"async\" width=\"150\" height=\"150\" src=\"https:\/\/lavozdesanluis.com.mx\/wp-content\/uploads\/2026\/09\/WhatsApp-Image-2026-09-05-at-12.46.56-PM-3-150x150.jpeg\" class=\"attachment-thumbnail size-thumbnail\" alt=\"\"><\/a><br \/>\n<a href=\"https:\/\/lavozdesanluis.com.mx\/soledad\/2026\/09\/05\/a-punto-de-inaugurarse-centro-integral-de-capacitacion-y-deporte-en-soledad\/attachment\/whatsapp-image-2026-09-05-at-12-46-57-pm\/\"><img loading=\"lazy\" decoding=\"async\" width=\"150\" height=\"150\" src=\"https:\/\/lavozdesanluis.com.mx\/wp-content\/uploads\/2026\/09\/WhatsApp-Image-2026-09-05-at-12.46.57-PM-150x150.jpeg\" class=\"attachment-thumbnail size-thumbnail\" alt=\"\"><\/a><br \/>\n<a href=\"https:\/\/lavozdesanluis.com.mx\/soledad\/2026\/09\/05\/a-punto-de-inaugurarse-centro-integral-de-capacitacion-y-deporte-en-soledad\/attachment\/whatsapp-image-2026-09-05-at-12-46-57-pm-1\/\"><img loading=\"lazy\" decoding=\"async\" width=\"150\" height=\"150\" src=\"https:\/\/lavozdesanluis.com.mx\/wp-content\/uploads\/2026\/09\/WhatsApp-Image-2026-09-05-at-12.46.57-PM-1-150x150.jpeg\" class=\"attachment-thumbnail size-thumbnail\" alt=\"\"><\/a><\/div>\n","protected":false},"excerpt":{"rendered":"<p>\u2013 El Alcalde, Juan Manuel Navarro inform\u00f3 que este espacio ofrecer\u00e1 cursos de computaci\u00f3n, electricidad,&#8230;<\/p>\n","protected":false},"author":2,"featured_media":61333,"comment_status":"closed","ping_status":"closed","sticky":false,"template":"","format":"standard","meta":{"footnotes":""},"categories":[12],"tags":[],"class_list":["post-61332","post","type-post","status-publish","format-standard","has-post-thumbnail","hentry","category-soledad"],"featured_image_urls":{"full":["https:\/\/lavozdesanluis.com.mx\/wp-content\/uploads\/2026\/09\/WhatsApp-Image-2026-09-05-at-12.46.55-PM-150x150.jpeg",1920,0,false],"thumbnail":["https:\/\/lavozdesanluis.com.mx\/wp-content\/uploads\/2026\/09\/WhatsApp-Image-2026-09-05-at-12.46.55-PM-150x150.jpeg",150,150,true],"medium":["https:\/\/lavozdesanluis.com.mx\/wp-content\/uploads\/2026\/09\/WhatsApp-Image-2026-09-05-at-12.46.55-PM-150x150.jpeg",300,300,false],"medium_large":["https:\/\/lavozdesanluis.com.mx\/wp-content\/uploads\/2026\/09\/WhatsApp-Image-2026-09-05-at-12.46.55-PM-150x150.jpeg",768,0,false],"large":["https:\/\/lavozdesanluis.com.mx\/wp-content\/uploads\/2026\/09\/WhatsApp-Image-2026-09-05-at-12.46.55-PM-150x150.jpeg",1024,1024,false],"1536x1536":["https:\/\/lavozdesanluis.com.mx\/wp-content\/uploads\/2026\/09\/WhatsApp-Image-2026-09-05-at-12.46.55-PM-150x150.jpeg",1536,1536,false],"2048x2048":["https:\/\/lavozdesanluis.com.mx\/wp-content\/uploads\/2026\/09\/WhatsApp-Image-2026-09-05-at-12.46.55-PM-150x150.jpeg",2048,2048,false],"covernews-slider-full":["https:\/\/lavozdesanluis.com.mx\/wp-content\/uploads\/2026\/09\/WhatsApp-Image-2026-09-05-at-12.46.55-PM-150x150.jpeg",1115,715,true],"covernews-slider-center":["https:\/\/lavozdesanluis.com.mx\/wp-content\/uploads\/2026\/09\/WhatsApp-Image-2026-09-05-at-12.46.55-PM-150x150.jpeg",800,500,true],"covernews-featured":["https:\/\/lavozdesanluis.com.mx\/wp-content\/uploads\/2026\/09\/WhatsApp-Image-2026-09-05-at-12.46.55-PM-150x150.jpeg",1024,0,false],"covernews-medium":["https:\/\/lavozdesanluis.com.mx\/wp-content\/uploads\/2026\/09\/WhatsApp-Image-2026-09-05-at-12.46.55-PM-150x150.jpeg",540,340,true],"covernews-medium-square":["https:\/\/lavozdesanluis.com.mx\/wp-content\/uploads\/2026\/09\/WhatsApp-Image-2026-09-05-at-12.46.55-PM-150x150.jpeg",400,250,true]},"author_info":{"display_name":"Redacci\u00f3n","author_link":"https:\/\/noticias-sinlimites.com\/?author=2"},"category_info":"<a href=\"https:\/\/noticias-sinlimites.com\/?cat=12\" rel=\"category\">Soledad<\/a>","tag_info":"Soledad","comment_count":"0","_links":{"self":[{"href":"https:\/\/noticias-sinlimites.com\/index.php?rest_route=\/wp\/v2\/posts\/61332","targetHints":{"allow":["GET"]}}],"collection":[{"href":"https:\/\/noticias-sinlimites.com\/index.php?rest_route=\/wp\/v2\/posts"}],"about":[{"href":"https:\/\/noticias-sinlimites.com\/index.php?rest_route=\/wp\/v2\/types\/post"}],"author":[{"embeddable":true,"href":"https:\/\/noticias-sinlimites.com\/index.php?rest_route=\/wp\/v2\/users\/2"}],"replies":[{"embeddable":true,"href":"https:\/\/noticias-sinlimites.com\/index.php?rest_route=%2Fwp%2Fv2%2Fcomments&post=61332"}],"version-history":[{"count":0,"href":"https:\/\/noticias-sinlimites.com\/index.php?rest_route=\/wp\/v2\/posts\/61332\/revisions"}],"wp:featuredmedia":[{"embeddable":true,"href":"https:\/\/noticias-sinlimites.com\/index.php?rest_route=\/wp\/v2\/media\/61333"}],"wp:attachment":[{"href":"https:\/\/noticias-sinlimites.com\/index.php?rest_route=%2Fwp%2Fv2%2Fmedia&parent=61332"}],"wp:term":[{"taxonomy":"category","embeddable":true,"href":"https:\/\/noticias-sinlimites.com\/index.php?rest_route=%2Fwp%2Fv2%2Fcategories&post=61332"},{"taxonomy":"post_tag","embeddable":true,"href":"https:\/\/noticias-sinlimites.com\/index.php?rest_route=%2Fwp%2Fv2%2Ftags&post=61332"}],"curies":[{"name":"wp","href":"https:\/\/api.w.org\/{rel}","templated":true}]}}