{"id":940,"date":"2022-05-30T17:12:23","date_gmt":"2022-05-30T22:12:23","guid":{"rendered":"https:\/\/noticiassinlimites.com\/?p=940"},"modified":"2022-05-30T17:12:23","modified_gmt":"2022-05-30T22:12:23","slug":"facultad-de-psicologia-celebra-50-aniversario-con-diversas-actividades","status":"publish","type":"post","link":"https:\/\/noticias-sinlimites.com\/?p=940","title":{"rendered":"Facultad de Psicolog\u00eda celebra 50 aniversario con diversas actividades"},"content":{"rendered":"<p class=\"yiv8539655136MsoNormal\" align=\"center\">\n<p class=\"yiv8539655136MsoNormal\">Con el lema \u201cTrayectorias y prospectivas hacia la interdisciplinariedad y la profesionalizaci\u00f3n\u201d la Facultad de Psicolog\u00eda de la Universidad Aut\u00f3noma de San Luis Potos\u00ed (UASLP) celebrar\u00e1 a lo largo del a\u00f1o su 50 aniversario de fundaci\u00f3n, as\u00ed lo dio a conocer la Dra. Silvia Romero Contreras, secretaria general de la entidad acad\u00e9mica, quien asever\u00f3 que esta conmemoraci\u00f3n es resultado de un recorrido de cambios importantes.<\/p>\n<p class=\"yiv8539655136MsoNormal\">\n<p class=\"yiv8539655136MsoNormal\">Al recordar el establecimiento de la entonces Escuela de Psicolog\u00eda en 1972, la funcionaria se\u00f1al\u00f3 que a nivel nacional la UASLP fue pionera, pues en el pa\u00eds el primer programa educativo de esta \u00e1rea del conocimiento se aprob\u00f3 en 1960. Adem\u00e1s, en 2014 se fund\u00f3 la primera licenciatura en Psicopedagog\u00eda con enfoque disciplinar en M\u00e9xico.<\/p>\n<p class=\"yiv8539655136MsoNormal\">\n<p class=\"yiv8539655136MsoNormal\">\u201cEstamos de fiesta y queremos compartir los avances de los festejos\u201d, dijo Romero Contreras, quien record\u00f3 que el pasado viernes 13 de mayo se efectu\u00f3 un homenaje a las y los profesores jubilados, junto con la asociaci\u00f3n del personal docente. Por otra parte, mencion\u00f3 que los catedr\u00e1ticos en activo han sido convocados para participar en la creaci\u00f3n de un mural que represente los ideales de la Facultad para los pr\u00f3ximos 50 a\u00f1os y que reconozca su historia. Tambi\u00e9n se impulsa el proyecto de un museo de sitio para presentar al p\u00fablico el d\u00eda 8 de septiembre, que es cuando se conmemora la fundaci\u00f3n.<\/p>\n<p class=\"yiv8539655136MsoNormal\">\n<p class=\"yiv8539655136MsoNormal\">Destac\u00f3 que en lo acad\u00e9mico se trabaja en la 5\u00aa. reacreditaci\u00f3n de la Licenciatura en Psicolog\u00eda y la 1\u00aa. de la Licenciatura en Psicopedagog\u00eda; adem\u00e1s, se lanz\u00f3 la convocatoria para integrar la 2\u00aa. generaci\u00f3n del Doctorado en Psicolog\u00eda. \u201cEs un muy buen a\u00f1o para tener esta intensidad de actividades porque necesitamos pensar mucho en nosotros y replantearnos algunas cuestiones\u201d, plante\u00f3.<\/p>\n<p class=\"yiv8539655136MsoNormal\">\n<p class=\"yiv8539655136MsoNormal\">Precis\u00f3 que el objetivo es continuar con contribuyendo a fin de que la sociedad tenga mejores servicios y mejores profesionales que atiendan sus necesidades. Esto, a trav\u00e9s de una planta docente muy activa y din\u00e1mica, en la que un muy buen n\u00famero de elementos est\u00e1 adscrito al Sistema Nacional de Investigadores (SNI) de Conacyt.<\/p>\n<p class=\"yiv8539655136MsoNormal\">\n<p class=\"yiv8539655136MsoNormal\">As\u00ed, como parte de las actividades programadas el jueves 19 de mayo se realiz\u00f3 una jornada de Conferencias del Mes de la Profesi\u00f3n, el 20 de mayo festejos por el D\u00eda del Psic\u00f3logo y la Psic\u00f3loga; mientras que el d\u00eda 26 del mismo mes se llev\u00f3 a cabo la Primera Feria de la Sexualidad, y el d\u00eda 28 \u201cArte: inicio de mural alusivo al 50 aniversario\u201d.<\/p>\n<p class=\"yiv8539655136MsoNormal\">\n<p class=\"yiv8539655136MsoNormal\">El 1 de junio se realizar\u00e1 el Coloquio de Posgrado y el 23 de junio una master class de yoga. Posteriormente, en agosto se llevar\u00e1 a cabo la inauguraci\u00f3n del Diplomado de Actualizaci\u00f3n en Psicolog\u00eda como opci\u00f3n de titulaci\u00f3n. El 8 de septiembre se conmemora la fundaci\u00f3n de la Facultad. Y finalmente, en noviembre la Semana de la Facultad \u201cTrayectorias y prospectivas hacia la interdisciplinariedad y la profesionalizaci\u00f3n\u201d, donde se realizar\u00e1n conferencias, conservatorios y talleres. Para mayores informes de los festejos pueden consultar la p\u00e1gina web<a href=\"http:\/\/www.psicologia.uaslp.mx\/eventos-50-aniversario\" target=\"_blank\" rel=\"nofollow noopener noreferrer\">www.psicologia.uaslp.mx\/eventos-50-aniversario<\/a><\/p>\n<p class=\"yiv8539655136MsoNormal\">\n<p class=\"yiv8539655136MsoNormal\"><b>\u00a0<\/b><\/p>\n","protected":false},"excerpt":{"rendered":"<p>Con el lema \u201cTrayectorias y prospectivas hacia la interdisciplinariedad y la profesionalizaci\u00f3n\u201d la Facultad de&#8230;<\/p>\n","protected":false},"author":2,"featured_media":937,"comment_status":"open","ping_status":"open","sticky":false,"template":"","format":"standard","meta":{"footnotes":""},"categories":[11,21],"tags":[],"class_list":["post-940","post","type-post","status-publish","format-standard","has-post-thumbnail","hentry","category-capital","category-principal"],"featured_image_urls":{"full":["https:\/\/noticias-sinlimites.com\/wp-content\/uploads\/2022\/05\/Facultad-Psicologia.jpg",2048,1149,false],"thumbnail":["https:\/\/noticias-sinlimites.com\/wp-content\/uploads\/2022\/05\/Facultad-Psicologia-150x150.jpg",150,150,true],"medium":["https:\/\/noticias-sinlimites.com\/wp-content\/uploads\/2022\/05\/Facultad-Psicologia-300x168.jpg",300,168,true],"medium_large":["https:\/\/noticias-sinlimites.com\/wp-content\/uploads\/2022\/05\/Facultad-Psicologia-768x431.jpg",640,359,true],"large":["https:\/\/noticias-sinlimites.com\/wp-content\/uploads\/2022\/05\/Facultad-Psicologia-1024x575.jpg",640,359,true],"1536x1536":["https:\/\/noticias-sinlimites.com\/wp-content\/uploads\/2022\/05\/Facultad-Psicologia-1536x862.jpg",1536,862,true],"2048x2048":["https:\/\/noticias-sinlimites.com\/wp-content\/uploads\/2022\/05\/Facultad-Psicologia.jpg",2048,1149,false],"covernews-slider-full":["https:\/\/noticias-sinlimites.com\/wp-content\/uploads\/2022\/05\/Facultad-Psicologia.jpg",1115,626,false],"covernews-slider-center":["https:\/\/noticias-sinlimites.com\/wp-content\/uploads\/2022\/05\/Facultad-Psicologia.jpg",800,449,false],"covernews-featured":["https:\/\/noticias-sinlimites.com\/wp-content\/uploads\/2022\/05\/Facultad-Psicologia.jpg",1024,575,false],"covernews-medium":["https:\/\/noticias-sinlimites.com\/wp-content\/uploads\/2022\/05\/Facultad-Psicologia.jpg",540,303,false],"covernews-medium-square":["https:\/\/noticias-sinlimites.com\/wp-content\/uploads\/2022\/05\/Facultad-Psicologia.jpg",400,224,false]},"author_info":{"display_name":"Redacci\u00f3n","author_link":"https:\/\/noticias-sinlimites.com\/?author=2"},"category_info":"<a href=\"https:\/\/noticias-sinlimites.com\/?cat=11\" rel=\"category\">Capital<\/a> <a href=\"https:\/\/noticias-sinlimites.com\/?cat=21\" rel=\"category\">Principal<\/a>","tag_info":"Principal","comment_count":"0","_links":{"self":[{"href":"https:\/\/noticias-sinlimites.com\/index.php?rest_route=\/wp\/v2\/posts\/940","targetHints":{"allow":["GET"]}}],"collection":[{"href":"https:\/\/noticias-sinlimites.com\/index.php?rest_route=\/wp\/v2\/posts"}],"about":[{"href":"https:\/\/noticias-sinlimites.com\/index.php?rest_route=\/wp\/v2\/types\/post"}],"author":[{"embeddable":true,"href":"https:\/\/noticias-sinlimites.com\/index.php?rest_route=\/wp\/v2\/users\/2"}],"replies":[{"embeddable":true,"href":"https:\/\/noticias-sinlimites.com\/index.php?rest_route=%2Fwp%2Fv2%2Fcomments&post=940"}],"version-history":[{"count":1,"href":"https:\/\/noticias-sinlimites.com\/index.php?rest_route=\/wp\/v2\/posts\/940\/revisions"}],"predecessor-version":[{"id":941,"href":"https:\/\/noticias-sinlimites.com\/index.php?rest_route=\/wp\/v2\/posts\/940\/revisions\/941"}],"wp:featuredmedia":[{"embeddable":true,"href":"https:\/\/noticias-sinlimites.com\/index.php?rest_route=\/wp\/v2\/media\/937"}],"wp:attachment":[{"href":"https:\/\/noticias-sinlimites.com\/index.php?rest_route=%2Fwp%2Fv2%2Fmedia&parent=940"}],"wp:term":[{"taxonomy":"category","embeddable":true,"href":"https:\/\/noticias-sinlimites.com\/index.php?rest_route=%2Fwp%2Fv2%2Fcategories&post=940"},{"taxonomy":"post_tag","embeddable":true,"href":"https:\/\/noticias-sinlimites.com\/index.php?rest_route=%2Fwp%2Fv2%2Ftags&post=940"}],"curies":[{"name":"wp","href":"https:\/\/api.w.org\/{rel}","templated":true}]}}